{"id":3752,"date":"2024-10-20T16:47:58","date_gmt":"2024-10-20T16:47:58","guid":{"rendered":"https:\/\/noticierotamaulipeco.info\/?p=3752"},"modified":"2024-10-16T16:48:26","modified_gmt":"2024-10-16T16:48:26","slug":"christopher-nolan-prepara-nueva-pelicula-con-universal-para-2026","status":"publish","type":"post","link":"https:\/\/noticierotamaulipeco.info\/?p=3752","title":{"rendered":"Christopher Nolan prepara nueva pel\u00edcula con Universal para 2026"},"content":{"rendered":"\n<p><a href=\"https:\/\/laverdad.com.mx\/wp-content\/uploads\/2024\/10\/nolana.jpg\"><\/a><\/p>\n\n\n\n<p>El reconocido director Christopher Nolan ya tiene fecha de regreso al cine, tras el \u00e9xito rotundo de\u00a0<em>Oppenheimer<\/em>. Su nueva cinta, a\u00fan sin t\u00edtulo, est\u00e1 programada para estrenarse en julio de 2026, bajo el sello de Universal Studios<\/p>\n\n\n\n<p>Seg\u00fan\u00a0<em>Deadline<\/em>, Matt Damon, quien ya trabaj\u00f3 con Nolan en\u00a0<em>Interestelar<\/em>\u00a0y\u00a0<em>Oppenheimer<\/em>, estar\u00eda en negociaciones para protagonizar esta nueva producci\u00f3n. Nolan tambi\u00e9n volver\u00e1 a colaborar con Emma Thomas en la producci\u00f3n, bajo el sello de Syncopy.<\/p>\n\n\n\n<p>El estudio planea un lanzamiento en formato IMAX para el 17 de julio de 2026, aunque a\u00fan no se han revelado detalles sobre la trama.&nbsp;<em>Oppenheimer<\/em>, su \u00faltima colaboraci\u00f3n con Universal, recaud\u00f3 958 millones de d\u00f3lares y gan\u00f3 siete premios \u00d3scar, marcando el regreso de Nolan despu\u00e9s de casi dos d\u00e9cadas trabajando con Warner Bros.<\/p>\n","protected":false},"excerpt":{"rendered":"<p>El reconocido director Christopher Nolan ya tiene fecha de regreso al cine, tras el \u00e9xito&#8230;<\/p>\n","protected":false},"author":1,"featured_media":3753,"comment_status":"open","ping_status":"open","sticky":false,"template":"","format":"standard","meta":{"footnotes":""},"categories":[7],"tags":[],"class_list":["post-3752","post","type-post","status-publish","format-standard","has-post-thumbnail","hentry","category-espectaculos"],"_links":{"self":[{"href":"https:\/\/noticierotamaulipeco.info\/index.php?rest_route=\/wp\/v2\/posts\/3752","targetHints":{"allow":["GET"]}}],"collection":[{"href":"https:\/\/noticierotamaulipeco.info\/index.php?rest_route=\/wp\/v2\/posts"}],"about":[{"href":"https:\/\/noticierotamaulipeco.info\/index.php?rest_route=\/wp\/v2\/types\/post"}],"author":[{"embeddable":true,"href":"https:\/\/noticierotamaulipeco.info\/index.php?rest_route=\/wp\/v2\/users\/1"}],"replies":[{"embeddable":true,"href":"https:\/\/noticierotamaulipeco.info\/index.php?rest_route=%2Fwp%2Fv2%2Fcomments&post=3752"}],"version-history":[{"count":1,"href":"https:\/\/noticierotamaulipeco.info\/index.php?rest_route=\/wp\/v2\/posts\/3752\/revisions"}],"predecessor-version":[{"id":3754,"href":"https:\/\/noticierotamaulipeco.info\/index.php?rest_route=\/wp\/v2\/posts\/3752\/revisions\/3754"}],"wp:featuredmedia":[{"embeddable":true,"href":"https:\/\/noticierotamaulipeco.info\/index.php?rest_route=\/wp\/v2\/media\/3753"}],"wp:attachment":[{"href":"https:\/\/noticierotamaulipeco.info\/index.php?rest_route=%2Fwp%2Fv2%2Fmedia&parent=3752"}],"wp:term":[{"taxonomy":"category","embeddable":true,"href":"https:\/\/noticierotamaulipeco.info\/index.php?rest_route=%2Fwp%2Fv2%2Fcategories&post=3752"},{"taxonomy":"post_tag","embeddable":true,"href":"https:\/\/noticierotamaulipeco.info\/index.php?rest_route=%2Fwp%2Fv2%2Ftags&post=3752"}],"curies":[{"name":"wp","href":"https:\/\/api.w.org\/{rel}","templated":true}]}}