{"id":3770,"date":"2024-10-20T17:07:31","date_gmt":"2024-10-20T17:07:31","guid":{"rendered":"https:\/\/noticierotamaulipeco.info\/?p=3770"},"modified":"2024-10-21T17:07:54","modified_gmt":"2024-10-21T17:07:54","slug":"celebran-dia-nacional-de-la-cuera-tamaulipeca-simbolo-de-identidad-cultural","status":"publish","type":"post","link":"https:\/\/noticierotamaulipeco.info\/?p=3770","title":{"rendered":"Celebran D\u00eda Nacional de la Cuera Tamaulipeca; s\u00edmbolo de identidad cultural"},"content":{"rendered":"\n<p>-Prenda de vestir t\u00edpica del estado, que ha sido utilizada por personalidades de la pol\u00edtica, la cultura y el deporte, entre otros<\/p>\n\n\n\n<p>STU-095-2024<\/p>\n\n\n\n<p>Octubre 20 de 2024<\/p>\n\n\n\n<p>Tula, Tamaulipas.-&nbsp; De Tamaulipas para M\u00e9xico y el mundo, la cuera tamaulipeca es una prenda artesanal, \u00edcono distintivo del estado que ha recorrido el mundo. Su aparici\u00f3n m\u00e1s reciente fue en la antesala de la pelea de box de Canelo-Berlanga.<\/p>\n\n\n\n<p>Fue a iniciativa del gobernador de Tamaulipas, Am\u00e9rico Villarreal Anaya, que se decret\u00f3 que la cuera tamaulipeca fuera declarada Patrimonio Cultural Inmaterial de Tamaulipas, y ahora 20 de octubre se celebra el D\u00eda Nacional de la Cuera Tamaulipeca.<\/p>\n\n\n\n<p>Benjam\u00edn Hern\u00e1ndez Rodr\u00edguez, secretario de Turismo del estado, inform\u00f3<\/p>\n\n\n\n<p>que esta prenda artesanal surgi\u00f3 hace m\u00e1s de un siglo. Alberto Carrera Torres fue el primero en usar el dise\u00f1o, y actualmente existen ocho talleres en Tula que se dedican a fabricarla.<\/p>\n\n\n\n<p>La prenda, dijo ha sido utilizada por personajes de la vida pol\u00edtica, cultural y deportiva.<\/p>\n\n\n\n<p>\u201cDesde la primera mujer presidenta de M\u00e9xico, Claudia Sheinbaum; el expresidente Andr\u00e9s Manuel L\u00f3pez Obrador; el gobernador Am\u00e9rico Villarreal Anaya; adem\u00e1s de Sa\u00fal \u2018El Canelo\u2019 \u00c1lvarez, Julio C\u00e9sar Ch\u00e1vez, Krystal Silva, Miss Universo 2016; Cornelio Reyna; Eulalio Gonz\u00e1lez \u2018Piporro\u2019; el Papa Juan Pablo II, entre otros\u201d, explic\u00f3.<\/p>\n\n\n\n<p>Historiadores coinciden en que esta prenda, creada durante la Revoluci\u00f3n Mexicana por Don Rosal\u00edo Reyna Reyes, se utiliza en representaciones culturales del estado, en ocasiones especiales, y es obsequiada como s\u00edmbolo de amistad a personalidades.<\/p>\n\n\n\n<p>\u201cSu confecci\u00f3n es totalmente a mano, y hoy en d\u00eda se encuentra en todos los colores, aunque la cl\u00e1sica y tradicional es la de color caf\u00e9 con grecas blancas\u201d, a\u00f1adi\u00f3.<\/p>\n","protected":false},"excerpt":{"rendered":"<p>-Prenda de vestir t\u00edpica del estado, que ha sido utilizada por personalidades de la pol\u00edtica,&#8230;<\/p>\n","protected":false},"author":1,"featured_media":3771,"comment_status":"open","ping_status":"open","sticky":false,"template":"","format":"standard","meta":{"footnotes":""},"categories":[2],"tags":[],"class_list":["post-3770","post","type-post","status-publish","format-standard","has-post-thumbnail","hentry","category-tamaulipas"],"_links":{"self":[{"href":"https:\/\/noticierotamaulipeco.info\/index.php?rest_route=\/wp\/v2\/posts\/3770","targetHints":{"allow":["GET"]}}],"collection":[{"href":"https:\/\/noticierotamaulipeco.info\/index.php?rest_route=\/wp\/v2\/posts"}],"about":[{"href":"https:\/\/noticierotamaulipeco.info\/index.php?rest_route=\/wp\/v2\/types\/post"}],"author":[{"embeddable":true,"href":"https:\/\/noticierotamaulipeco.info\/index.php?rest_route=\/wp\/v2\/users\/1"}],"replies":[{"embeddable":true,"href":"https:\/\/noticierotamaulipeco.info\/index.php?rest_route=%2Fwp%2Fv2%2Fcomments&post=3770"}],"version-history":[{"count":1,"href":"https:\/\/noticierotamaulipeco.info\/index.php?rest_route=\/wp\/v2\/posts\/3770\/revisions"}],"predecessor-version":[{"id":3772,"href":"https:\/\/noticierotamaulipeco.info\/index.php?rest_route=\/wp\/v2\/posts\/3770\/revisions\/3772"}],"wp:featuredmedia":[{"embeddable":true,"href":"https:\/\/noticierotamaulipeco.info\/index.php?rest_route=\/wp\/v2\/media\/3771"}],"wp:attachment":[{"href":"https:\/\/noticierotamaulipeco.info\/index.php?rest_route=%2Fwp%2Fv2%2Fmedia&parent=3770"}],"wp:term":[{"taxonomy":"category","embeddable":true,"href":"https:\/\/noticierotamaulipeco.info\/index.php?rest_route=%2Fwp%2Fv2%2Fcategories&post=3770"},{"taxonomy":"post_tag","embeddable":true,"href":"https:\/\/noticierotamaulipeco.info\/index.php?rest_route=%2Fwp%2Fv2%2Ftags&post=3770"}],"curies":[{"name":"wp","href":"https:\/\/api.w.org\/{rel}","templated":true}]}}