{"id":3782,"date":"2024-10-20T17:16:58","date_gmt":"2024-10-20T17:16:58","guid":{"rendered":"https:\/\/noticierotamaulipeco.info\/?p=3782"},"modified":"2024-10-21T17:17:18","modified_gmt":"2024-10-21T17:17:18","slug":"encabeza-el-rector-damaso-anaya-aniversarios-de-facultades-de-la-uat","status":"publish","type":"post","link":"https:\/\/noticierotamaulipeco.info\/?p=3782","title":{"rendered":"Encabeza el rector D\u00e1maso Anaya aniversarios de facultades de la UAT"},"content":{"rendered":"\n<p><\/p>\n\n\n\n<p>El rector de la Universidad Aut\u00f3noma de Tamaulipas (UAT), D\u00e1maso Anaya<br>Alvarado, encabez\u00f3 los eventos de convivencia universitaria que se realizaron<br>este s\u00e1bado 19 de octubre, en Ciudad Victoria, con motivo de los aniversarios de<br>la Facultad de Medicina Veterinaria y Zootecnia (FMVZ) y de la Facultad de<br>Comercio y Administraci\u00f3n Victoria (FCAV), que respectivamente celebran los 67 y<br>57 a\u00f1os de su fundaci\u00f3n.<br>Desde temprana hora, las actividades iniciaron con la carrera pedestre \u201c7K\u201d<br>y la caminata \u201c3K\u201d, en las que participaron docentes, estudiantes, personal<br>administrativo y directivo de las diferentes dependencias de la UAT.<br>En este marco, se realiz\u00f3 una cabalgata conmemorativa que estuvo encabezada<br>por el rector D\u00e1maso Anaya, con la participaci\u00f3n del secretario general del<br>Gobierno de Tamaulipas, H\u00e9ctor Joel Villegas Gonz\u00e1lez, as\u00ed como otras<br>autoridades invitadas al evento.<br>El desfile de jinetes recorri\u00f3 alrededor de doce kil\u00f3metros desde la<br>Facultad de Veterinaria hasta el ejido Juan Capit\u00e1n, para, posteriormente, regresar<br>a las instalaciones del plantel universitario, donde participaron cerca de<br>cuatrocientos cabalgantes.<br>En este marco, el rector convivi\u00f3 con estudiantes durante la coronaci\u00f3n de<br>la reina de la FMVZ, donde resalt\u00f3 la importancia de impulsar actividades que<br>sirvan para estrechar los lazos de amistad entre todas y todos los universitarios.<br>Como parte del programa se realiz\u00f3 el concurso \u201cUAT\u2019S Grill\u201d, en un ambiente de<br>sana convivencia, con la asistencia de la presidenta de Familia UAT, Isolda<br>Rend\u00f3n de Anaya, quien realiz\u00f3 un recorrido por los diferentes estands.<br>La competencia reuni\u00f3 a equipos de dependencias acad\u00e9micas de la<br>UAT de esta capital y de Ciudad Mante, as\u00ed como de las diferentes \u00e1reas de la<\/p>\n\n\n\n<p>Rector\u00eda, que ofrecieron la mejor presentaci\u00f3n de sus recetas de carne a la<br>parrilla, salsas y otros platillos que disfrutaron los asistentes.<br>En la jornada tambi\u00e9n se llev\u00f3 a cabo la premiaci\u00f3n de los ganadores de<br>la carrera \u201c7K\u201d, as\u00ed como la presentaci\u00f3n de grupos art\u00edsticos universitarios que<br>deleitaron a la concurrencia, adem\u00e1s de efectuarse actividades deportivas entre<br>estudiantes.<\/p>\n","protected":false},"excerpt":{"rendered":"<p>El rector de la Universidad Aut\u00f3noma de Tamaulipas (UAT), D\u00e1maso AnayaAlvarado, encabez\u00f3 los eventos de&#8230;<\/p>\n","protected":false},"author":1,"featured_media":3783,"comment_status":"open","ping_status":"open","sticky":false,"template":"","format":"standard","meta":{"footnotes":""},"categories":[4],"tags":[],"class_list":["post-3782","post","type-post","status-publish","format-standard","has-post-thumbnail","hentry","category-educacion"],"_links":{"self":[{"href":"https:\/\/noticierotamaulipeco.info\/index.php?rest_route=\/wp\/v2\/posts\/3782","targetHints":{"allow":["GET"]}}],"collection":[{"href":"https:\/\/noticierotamaulipeco.info\/index.php?rest_route=\/wp\/v2\/posts"}],"about":[{"href":"https:\/\/noticierotamaulipeco.info\/index.php?rest_route=\/wp\/v2\/types\/post"}],"author":[{"embeddable":true,"href":"https:\/\/noticierotamaulipeco.info\/index.php?rest_route=\/wp\/v2\/users\/1"}],"replies":[{"embeddable":true,"href":"https:\/\/noticierotamaulipeco.info\/index.php?rest_route=%2Fwp%2Fv2%2Fcomments&post=3782"}],"version-history":[{"count":1,"href":"https:\/\/noticierotamaulipeco.info\/index.php?rest_route=\/wp\/v2\/posts\/3782\/revisions"}],"predecessor-version":[{"id":3784,"href":"https:\/\/noticierotamaulipeco.info\/index.php?rest_route=\/wp\/v2\/posts\/3782\/revisions\/3784"}],"wp:featuredmedia":[{"embeddable":true,"href":"https:\/\/noticierotamaulipeco.info\/index.php?rest_route=\/wp\/v2\/media\/3783"}],"wp:attachment":[{"href":"https:\/\/noticierotamaulipeco.info\/index.php?rest_route=%2Fwp%2Fv2%2Fmedia&parent=3782"}],"wp:term":[{"taxonomy":"category","embeddable":true,"href":"https:\/\/noticierotamaulipeco.info\/index.php?rest_route=%2Fwp%2Fv2%2Fcategories&post=3782"},{"taxonomy":"post_tag","embeddable":true,"href":"https:\/\/noticierotamaulipeco.info\/index.php?rest_route=%2Fwp%2Fv2%2Ftags&post=3782"}],"curies":[{"name":"wp","href":"https:\/\/api.w.org\/{rel}","templated":true}]}}