{"id":3787,"date":"2024-10-21T14:38:11","date_gmt":"2024-10-21T14:38:11","guid":{"rendered":"https:\/\/noticierotamaulipeco.info\/?p=3787"},"modified":"2024-10-28T14:38:45","modified_gmt":"2024-10-28T14:38:45","slug":"reafirma-la-uat-su-liderazgo-en-la-formacion-de-profesionales-en-educacion-y-humanidades","status":"publish","type":"post","link":"https:\/\/noticierotamaulipeco.info\/?p=3787","title":{"rendered":"Reafirma la UAT su liderazgo en la formaci\u00f3n de profesionales en educaci\u00f3n y humanidades"},"content":{"rendered":"\n<p><\/p>\n\n\n\n<p>La Facultad de Ciencias de la Educaci\u00f3n y Humanidades (FCEH) de la<br>Universidad Aut\u00f3noma de Tamaulipas (UAT) es un referente en la formaci\u00f3n de<br>profesionistas que impactan de manera significativa en todos los niveles del<br>sistema educativo de Tamaulipas.<br>Lo anterior lo expres\u00f3 el rector de la UAT, D\u00e1maso Anaya Alvarado, al presidir los<br>festejos del 53 Aniversario de la FCEH, donde subray\u00f3 que este referente de la<br>educaci\u00f3n en Tamaulipas reafirma tambi\u00e9n el compromiso de impulsar en la<br>Universidad una transformaci\u00f3n acad\u00e9mica que tiene como centro el humanismo.<br>En este sentido, se\u00f1al\u00f3 que en esta instituci\u00f3n universitaria es donde cobra un<br>sentido especial este ideal, porque es aqu\u00ed donde se forman quienes ser\u00e1n los<br>futuros gu\u00edas y especialistas en la educaci\u00f3n de las pr\u00f3ximas generaciones.<br>Luego de agradecer la presencia de la diputada Yuriria Iturbe V\u00e1zquez, presidenta<br>de la Comisi\u00f3n de Educaci\u00f3n del Congreso del Estado, y de Nora Hilda de los<br>Reyes V\u00e1zquez, representante de la Secretar\u00eda de Educaci\u00f3n de Tamaulipas,<br>destac\u00f3 la vinculaci\u00f3n que se ha emprendido con todos los \u00f3rganos de gobierno<br>para ofrecer m\u00e1s oportunidades a la juventud estudiantil.<br>Por su parte, la directora de la FCEH, Elsa Fernanda Gonz\u00e1lez Quintero,<br>agradeci\u00f3 el apoyo del rector D\u00e1maso Anaya para seguir impulsando el<br>crecimiento y la calidad de los programas educativos de esta instituci\u00f3n.<br>En el evento se destac\u00f3 el reconocimiento a quienes impulsaron hace 53 a\u00f1os la<br>fundaci\u00f3n de este plantel del Campus Victoria, y en ese contexto se hizo entrega<br>de un donativo de las colecciones de libros del escritor Orlando Ortiz por parte de<br>su viuda, Mar\u00eda del Carmen Raquel Galicia Pati\u00f1o, as\u00ed como del Fondo de<br>Colecciones del Dr. H\u00e9ctor Manuel Capello y Garc\u00eda.<br>Las actividades continuaron en el \u00e1gora de la Facultad, donde el rector encabez\u00f3<br>el festejo de aniversario y la entrega de reconocimientos a investigadores de nivel<\/p>\n\n\n\n<p>nacional y a estudiantes destacados en actividades deportivas.<\/p>\n","protected":false},"excerpt":{"rendered":"<p>La Facultad de Ciencias de la Educaci\u00f3n y Humanidades (FCEH) de laUniversidad Aut\u00f3noma de Tamaulipas&#8230;<\/p>\n","protected":false},"author":1,"featured_media":3788,"comment_status":"open","ping_status":"open","sticky":false,"template":"","format":"standard","meta":{"footnotes":""},"categories":[4],"tags":[],"class_list":["post-3787","post","type-post","status-publish","format-standard","has-post-thumbnail","hentry","category-educacion"],"_links":{"self":[{"href":"https:\/\/noticierotamaulipeco.info\/index.php?rest_route=\/wp\/v2\/posts\/3787","targetHints":{"allow":["GET"]}}],"collection":[{"href":"https:\/\/noticierotamaulipeco.info\/index.php?rest_route=\/wp\/v2\/posts"}],"about":[{"href":"https:\/\/noticierotamaulipeco.info\/index.php?rest_route=\/wp\/v2\/types\/post"}],"author":[{"embeddable":true,"href":"https:\/\/noticierotamaulipeco.info\/index.php?rest_route=\/wp\/v2\/users\/1"}],"replies":[{"embeddable":true,"href":"https:\/\/noticierotamaulipeco.info\/index.php?rest_route=%2Fwp%2Fv2%2Fcomments&post=3787"}],"version-history":[{"count":1,"href":"https:\/\/noticierotamaulipeco.info\/index.php?rest_route=\/wp\/v2\/posts\/3787\/revisions"}],"predecessor-version":[{"id":3789,"href":"https:\/\/noticierotamaulipeco.info\/index.php?rest_route=\/wp\/v2\/posts\/3787\/revisions\/3789"}],"wp:featuredmedia":[{"embeddable":true,"href":"https:\/\/noticierotamaulipeco.info\/index.php?rest_route=\/wp\/v2\/media\/3788"}],"wp:attachment":[{"href":"https:\/\/noticierotamaulipeco.info\/index.php?rest_route=%2Fwp%2Fv2%2Fmedia&parent=3787"}],"wp:term":[{"taxonomy":"category","embeddable":true,"href":"https:\/\/noticierotamaulipeco.info\/index.php?rest_route=%2Fwp%2Fv2%2Fcategories&post=3787"},{"taxonomy":"post_tag","embeddable":true,"href":"https:\/\/noticierotamaulipeco.info\/index.php?rest_route=%2Fwp%2Fv2%2Ftags&post=3787"}],"curies":[{"name":"wp","href":"https:\/\/api.w.org\/{rel}","templated":true}]}}