{"id":3793,"date":"2024-10-22T15:00:27","date_gmt":"2024-10-22T15:00:27","guid":{"rendered":"https:\/\/noticierotamaulipeco.info\/?p=3793"},"modified":"2024-10-28T15:03:00","modified_gmt":"2024-10-28T15:03:00","slug":"consolida-la-uat-formacion-de-ingenieros-y-cientificos","status":"publish","type":"post","link":"https:\/\/noticierotamaulipeco.info\/?p=3793","title":{"rendered":"Consolida la UAT formaci\u00f3n de ingenieros y cient\u00edficos"},"content":{"rendered":"\n<p>\u00b0La Facultad de Ingenier\u00eda y Ciencias de la UAT celebra 57 a\u00f1os de formar profesionales e investigadores que contribuyen al desarrollo econ\u00f3mico, social y productivo de Tamaulipas.<\/p>\n\n\n\n<p>Durante el acto conmemorativo por el 57 aniversario de la Facultad de Ingenier\u00eda y<br>Ciencias (FIC), el rector de la Universidad Aut\u00f3noma de Tamaulipas (UAT), D\u00e1maso<br>Anaya Alvarado, destac\u00f3 el significativo impacto acad\u00e9mico y cient\u00edfico de esta instituci\u00f3n<br>en la formaci\u00f3n de profesionales que impulsan el desarrollo econ\u00f3mico y social de la<br>regi\u00f3n, subrayando su relevancia en \u00e1reas clave como la ingenier\u00eda, la agricultura, la<br>inteligencia artificial y la biotecnolog\u00eda.<br>Asimismo, puso especial \u00e9nfasis en el papel que esta Facultad ha desempe\u00f1ado en el<br>desarrollo regional a trav\u00e9s de proyectos y colaboraciones con el sector productivo,<br>entidades gubernamentales y otras universidades, tanto nacionales como internacionales.<br>En el \u00e1mbito de la investigaci\u00f3n, puso en relieve el papel central de la FIC en la<br>producci\u00f3n de conocimiento cient\u00edfico, al contar con 44 profesores en el Sistema Nacional<br>de Investigadores e Investigadoras (SNII), adem\u00e1s de reunir once cuerpos acad\u00e9micos,<br>nueve de ellos consolidados.<br>Fundada en 1967 como Facultad de Agronom\u00eda, la actual Facultad de Ingenier\u00eda y<br>Ciencias se consolida como referente en la formaci\u00f3n de profesionales, ofreciendo las<br>carreras de Ingenier\u00eda en Agronom\u00eda, Ciencias Ambientales y Telem\u00e1tica, as\u00ed como<br>maestr\u00edas y un doctorado en \u00e1reas relacionadas.<br>Como parte de la celebraci\u00f3n, el rector de la UAT hizo entrega de reconocimientos a<br>docentes que obtuvieron, o renovaron, su certificaci\u00f3n en el SNII, destac\u00e1ndose el ingreso<br>de un profesor en el Nivel 2; diez en la categor\u00eda de Nivel 1 y tres el nivel de candidatos.<br>Por otro lado, inaugur\u00f3 el nuevo Laboratorio de Redes, dise\u00f1ado para las pr\u00e1cticas<br>estudiantiles e innovaci\u00f3n en el campo de la telem\u00e1tica, entre otras \u00e1reas; as\u00ed como tambi\u00e9n<br>coloc\u00f3 la primera piedra de la techumbre y remozamiento de canchas para usos m\u00faltiples.<\/p>\n\n\n\n<p>Por su parte, el director de la FIC, Vicente Paul Sald\u00edvar Alonso, destac\u00f3 la<br>celebraci\u00f3n como una oportunidad para reflexionar sobre la trayectoria de la Facultad y de<br>contar con la distinguida presencia de exdirectores, entre ellos, los tambi\u00e9n exrectores,<br>Humberto Filizola Haces y Jos\u00e9 Andr\u00e9s Su\u00e1rez Fern\u00e1ndez.<br>Adem\u00e1s, se cont\u00f3 con la presencia del subsecretario de Educaci\u00f3n Media Superior y<br>Superior, Guadalupe Acosta Villarreal, en representaci\u00f3n del gobernador Am\u00e9rico<br>Villarreal Anaya; del subsecretario de Desarrollo Agr\u00edcola, Eliseo Camacho Nieto,<br>representante del secretario de Desarrollo Rural, Pesca y Acuacultura del Gobierno del<br>Estado, Antonio Varela Flores; as\u00ed como de funcionarios de la rector\u00eda y directores de las<br>dependencias acad\u00e9micas de la UAT.<\/p>\n","protected":false},"excerpt":{"rendered":"<p>\u00b0La Facultad de Ingenier\u00eda y Ciencias de la UAT celebra 57 a\u00f1os de formar profesionales&#8230;<\/p>\n","protected":false},"author":1,"featured_media":3794,"comment_status":"open","ping_status":"open","sticky":false,"template":"","format":"standard","meta":{"footnotes":""},"categories":[4],"tags":[],"class_list":["post-3793","post","type-post","status-publish","format-standard","has-post-thumbnail","hentry","category-educacion"],"_links":{"self":[{"href":"https:\/\/noticierotamaulipeco.info\/index.php?rest_route=\/wp\/v2\/posts\/3793","targetHints":{"allow":["GET"]}}],"collection":[{"href":"https:\/\/noticierotamaulipeco.info\/index.php?rest_route=\/wp\/v2\/posts"}],"about":[{"href":"https:\/\/noticierotamaulipeco.info\/index.php?rest_route=\/wp\/v2\/types\/post"}],"author":[{"embeddable":true,"href":"https:\/\/noticierotamaulipeco.info\/index.php?rest_route=\/wp\/v2\/users\/1"}],"replies":[{"embeddable":true,"href":"https:\/\/noticierotamaulipeco.info\/index.php?rest_route=%2Fwp%2Fv2%2Fcomments&post=3793"}],"version-history":[{"count":1,"href":"https:\/\/noticierotamaulipeco.info\/index.php?rest_route=\/wp\/v2\/posts\/3793\/revisions"}],"predecessor-version":[{"id":3795,"href":"https:\/\/noticierotamaulipeco.info\/index.php?rest_route=\/wp\/v2\/posts\/3793\/revisions\/3795"}],"wp:featuredmedia":[{"embeddable":true,"href":"https:\/\/noticierotamaulipeco.info\/index.php?rest_route=\/wp\/v2\/media\/3794"}],"wp:attachment":[{"href":"https:\/\/noticierotamaulipeco.info\/index.php?rest_route=%2Fwp%2Fv2%2Fmedia&parent=3793"}],"wp:term":[{"taxonomy":"category","embeddable":true,"href":"https:\/\/noticierotamaulipeco.info\/index.php?rest_route=%2Fwp%2Fv2%2Fcategories&post=3793"},{"taxonomy":"post_tag","embeddable":true,"href":"https:\/\/noticierotamaulipeco.info\/index.php?rest_route=%2Fwp%2Fv2%2Ftags&post=3793"}],"curies":[{"name":"wp","href":"https:\/\/api.w.org\/{rel}","templated":true}]}}