{"id":3908,"date":"2024-10-28T15:02:49","date_gmt":"2024-10-28T15:02:49","guid":{"rendered":"https:\/\/noticierotamaulipeco.info\/?p=3908"},"modified":"2024-11-05T15:03:33","modified_gmt":"2024-11-05T15:03:33","slug":"monte-fuji-sin-nieve-una-anomalia-que-alarma-a-japon","status":"publish","type":"post","link":"https:\/\/noticierotamaulipeco.info\/?p=3908","title":{"rendered":"Monte Fuji sin nieve: una anomal\u00eda que alarma a Jap\u00f3n"},"content":{"rendered":"\n<p><a href=\"https:\/\/laverdad.com.mx\/wp-content\/uploads\/2024\/11\/gbnwfunwqaa6bca.jpg\"><\/a><\/p>\n\n\n\n<p>Por primera vez en m\u00e1s de un siglo, el Monte Fuji, emblema cultural de Jap\u00f3n, se encuentra sin nieve al inicio de la temporada de oto\u00f1o. La ausencia de nieve en esta monta\u00f1a de 3,776 metros ha desconcertado a cient\u00edficos y residentes, quienes atribuyen esta situaci\u00f3n al cambio clim\u00e1tico. Este fen\u00f3meno refleja un cambio en los patrones clim\u00e1ticos que podr\u00edan afectar a futuro la econom\u00eda y la biodiversidad de la regi\u00f3n.<\/p>\n\n\n\n<p>El incremento de temperaturas y la reducci\u00f3n de precipitaciones han dificultado la acumulaci\u00f3n de nieve en el Monte Fuji. En a\u00f1os anteriores, los frentes fr\u00edos provenientes de Siberia generaban nevadas en las cumbres, sin embargo, con temperaturas cada vez m\u00e1s elevadas, estos frentes han perdido intensidad. Cient\u00edficos advierten que esta tendencia podr\u00eda empeorar, disminuyendo la acumulaci\u00f3n de nieve y afectando los ecosistemas y recursos h\u00eddricos de la regi\u00f3n.<\/p>\n\n\n\n<p>La falta de nieve no solo afecta la imagen del Monte Fuji, sino que tambi\u00e9n impacta econ\u00f3micamente, dado que el turismo en la zona depende de la est\u00e9tica invernal. Adem\u00e1s, los ecosistemas de altura y las reservas naturales de agua que dependen del ciclo de deshielo podr\u00edan sufrir consecuencias a largo plazo. Ante esta situaci\u00f3n, Jap\u00f3n enfrenta el reto de mitigar los efectos del cambio clim\u00e1tico para preservar uno de sus \u00edconos naturales m\u00e1s importantes y proteger la econom\u00eda y biodiversidad locales.<\/p>\n","protected":false},"excerpt":{"rendered":"<p>Por primera vez en m\u00e1s de un siglo, el Monte Fuji, emblema cultural de Jap\u00f3n,&#8230;<\/p>\n","protected":false},"author":1,"featured_media":3909,"comment_status":"open","ping_status":"open","sticky":false,"template":"","format":"standard","meta":{"footnotes":""},"categories":[5],"tags":[],"class_list":["post-3908","post","type-post","status-publish","format-standard","has-post-thumbnail","hentry","category-internacional"],"_links":{"self":[{"href":"https:\/\/noticierotamaulipeco.info\/index.php?rest_route=\/wp\/v2\/posts\/3908","targetHints":{"allow":["GET"]}}],"collection":[{"href":"https:\/\/noticierotamaulipeco.info\/index.php?rest_route=\/wp\/v2\/posts"}],"about":[{"href":"https:\/\/noticierotamaulipeco.info\/index.php?rest_route=\/wp\/v2\/types\/post"}],"author":[{"embeddable":true,"href":"https:\/\/noticierotamaulipeco.info\/index.php?rest_route=\/wp\/v2\/users\/1"}],"replies":[{"embeddable":true,"href":"https:\/\/noticierotamaulipeco.info\/index.php?rest_route=%2Fwp%2Fv2%2Fcomments&post=3908"}],"version-history":[{"count":1,"href":"https:\/\/noticierotamaulipeco.info\/index.php?rest_route=\/wp\/v2\/posts\/3908\/revisions"}],"predecessor-version":[{"id":3910,"href":"https:\/\/noticierotamaulipeco.info\/index.php?rest_route=\/wp\/v2\/posts\/3908\/revisions\/3910"}],"wp:featuredmedia":[{"embeddable":true,"href":"https:\/\/noticierotamaulipeco.info\/index.php?rest_route=\/wp\/v2\/media\/3909"}],"wp:attachment":[{"href":"https:\/\/noticierotamaulipeco.info\/index.php?rest_route=%2Fwp%2Fv2%2Fmedia&parent=3908"}],"wp:term":[{"taxonomy":"category","embeddable":true,"href":"https:\/\/noticierotamaulipeco.info\/index.php?rest_route=%2Fwp%2Fv2%2Fcategories&post=3908"},{"taxonomy":"post_tag","embeddable":true,"href":"https:\/\/noticierotamaulipeco.info\/index.php?rest_route=%2Fwp%2Fv2%2Ftags&post=3908"}],"curies":[{"name":"wp","href":"https:\/\/api.w.org\/{rel}","templated":true}]}}