{"id":3990,"date":"2024-11-14T16:43:46","date_gmt":"2024-11-14T16:43:46","guid":{"rendered":"https:\/\/noticierotamaulipeco.info\/?p=3990"},"modified":"2024-11-15T16:44:43","modified_gmt":"2024-11-15T16:44:43","slug":"acude-gobernador-ava-a-la-segunda-reunion-regional-noreste-de-seguridad-publica","status":"publish","type":"post","link":"https:\/\/noticierotamaulipeco.info\/?p=3990","title":{"rendered":"Acude Gobernador AVA a la Segunda Reuni\u00f3n Regional Noreste de Seguridad P\u00fablica"},"content":{"rendered":"\n<p>Se llev\u00f3 a cabo la Segunda Reuni\u00f3n Regional Noreste de Seguridad P\u00fablica, en donde estuvo presente el gobernador <a href=\"https:\/\/www.facebook.com\/dr.americovillarreal?__cft__[0]=AZXV1m28def5ZSvJuae5I-jzIk7pbaIt6kO_nME_xj4QTwQM4Hw_evb0qdvdD5JceUwtSZUh-E9RcvVMLB7lLWSwu1HLnIoOsfmyrk6U_mg7d7R-N2BRe2P2NU0UhVcA6eR5ehyMlqk5R8JbQxYmjfZ3mG5iDyWuBfhuFhNgo-3nhto-UiJnKYiC-mCJHPPjpCs&amp;__tn__=-]K-R\">Am\u00e9rico Villarreal<\/a>, junto a el gobernador de Coahuila, <a href=\"https:\/\/www.facebook.com\/Manolo.Jimenez.Salinas?__cft__[0]=AZXV1m28def5ZSvJuae5I-jzIk7pbaIt6kO_nME_xj4QTwQM4Hw_evb0qdvdD5JceUwtSZUh-E9RcvVMLB7lLWSwu1HLnIoOsfmyrk6U_mg7d7R-N2BRe2P2NU0UhVcA6eR5ehyMlqk5R8JbQxYmjfZ3mG5iDyWuBfhuFhNgo-3nhto-UiJnKYiC-mCJHPPjpCs&amp;__tn__=-]K-R\">Manolo Jim\u00e9nez Salinas<\/a>, el gobernador de Nuevo Le\u00f3n, <a href=\"https:\/\/www.facebook.com\/SAMUELGARCIASEPULVEDA?__cft__[0]=AZXV1m28def5ZSvJuae5I-jzIk7pbaIt6kO_nME_xj4QTwQM4Hw_evb0qdvdD5JceUwtSZUh-E9RcvVMLB7lLWSwu1HLnIoOsfmyrk6U_mg7d7R-N2BRe2P2NU0UhVcA6eR5ehyMlqk5R8JbQxYmjfZ3mG5iDyWuBfhuFhNgo-3nhto-UiJnKYiC-mCJHPPjpCs&amp;__tn__=-]K-R\">Samuel Garc\u00eda<\/a> y los generales de las zonas militares de la regi\u00f3n noreste del pa\u00eds.<\/p>\n\n\n\n<p>Con el objetivo de mantener unidas las estrategias de seguridad entre las tres entidades para combatir a los grupos delincuenciales. El gobierno de la transformaci\u00f3n reafirma <a><\/a>su compromiso de trabajar incansablemente para continuar con la construcci\u00f3n de la paz en nuestro estado.<\/p>\n","protected":false},"excerpt":{"rendered":"<p>Se llev\u00f3 a cabo la Segunda Reuni\u00f3n Regional Noreste de Seguridad P\u00fablica, en donde estuvo&#8230;<\/p>\n","protected":false},"author":1,"featured_media":3991,"comment_status":"open","ping_status":"open","sticky":false,"template":"","format":"standard","meta":{"footnotes":""},"categories":[2],"tags":[],"class_list":["post-3990","post","type-post","status-publish","format-standard","has-post-thumbnail","hentry","category-tamaulipas"],"_links":{"self":[{"href":"https:\/\/noticierotamaulipeco.info\/index.php?rest_route=\/wp\/v2\/posts\/3990","targetHints":{"allow":["GET"]}}],"collection":[{"href":"https:\/\/noticierotamaulipeco.info\/index.php?rest_route=\/wp\/v2\/posts"}],"about":[{"href":"https:\/\/noticierotamaulipeco.info\/index.php?rest_route=\/wp\/v2\/types\/post"}],"author":[{"embeddable":true,"href":"https:\/\/noticierotamaulipeco.info\/index.php?rest_route=\/wp\/v2\/users\/1"}],"replies":[{"embeddable":true,"href":"https:\/\/noticierotamaulipeco.info\/index.php?rest_route=%2Fwp%2Fv2%2Fcomments&post=3990"}],"version-history":[{"count":1,"href":"https:\/\/noticierotamaulipeco.info\/index.php?rest_route=\/wp\/v2\/posts\/3990\/revisions"}],"predecessor-version":[{"id":3992,"href":"https:\/\/noticierotamaulipeco.info\/index.php?rest_route=\/wp\/v2\/posts\/3990\/revisions\/3992"}],"wp:featuredmedia":[{"embeddable":true,"href":"https:\/\/noticierotamaulipeco.info\/index.php?rest_route=\/wp\/v2\/media\/3991"}],"wp:attachment":[{"href":"https:\/\/noticierotamaulipeco.info\/index.php?rest_route=%2Fwp%2Fv2%2Fmedia&parent=3990"}],"wp:term":[{"taxonomy":"category","embeddable":true,"href":"https:\/\/noticierotamaulipeco.info\/index.php?rest_route=%2Fwp%2Fv2%2Fcategories&post=3990"},{"taxonomy":"post_tag","embeddable":true,"href":"https:\/\/noticierotamaulipeco.info\/index.php?rest_route=%2Fwp%2Fv2%2Ftags&post=3990"}],"curies":[{"name":"wp","href":"https:\/\/api.w.org\/{rel}","templated":true}]}}