{"id":4008,"date":"2024-11-15T17:10:40","date_gmt":"2024-11-15T17:10:40","guid":{"rendered":"https:\/\/noticierotamaulipeco.info\/?p=4008"},"modified":"2024-11-15T17:10:41","modified_gmt":"2024-11-15T17:10:41","slug":"lleva-a-cabo-dif-tamaulipas-el-primer-congreso-internacional-de-rehabilitacion-y-educacion-especial","status":"publish","type":"post","link":"https:\/\/noticierotamaulipeco.info\/?p=4008","title":{"rendered":"Lleva a cabo DIF Tamaulipas el primer Congreso Internacional de Rehabilitaci\u00f3n y Educaci\u00f3n Especial"},"content":{"rendered":"\n<p><a href=\"https:\/\/laverdad.com.mx\/wp-content\/uploads\/2024\/11\/14reh.jpeg\"><\/a><\/p>\n\n\n\n<p>Ciudad Victoria, Tamaulipas.- En el marco de la conmemoraci\u00f3n del 36 aniversario del Centro de Rehabilitaci\u00f3n y Educaci\u00f3n Especial (CREE), el Sistema DIF Tamaulipas, que preside la doctora Mar\u00eda de Villarreal, llev\u00f3 a cabo el primer Congreso Internacional de Rehabilitaci\u00f3n, con la participaci\u00f3n de especialistas latinoamericanos, adem\u00e1s de profesionales y alumnos de diversas instituciones y escuelas de nivel superior del estado.<\/p>\n\n\n\n<p>Por&nbsp;primera vez en la historia del congreso anual del CREE, se conjunta el conocimiento, experiencia e investigaciones de tres colegios de terapia f\u00edsica y autismo de Cuba, Colombia y M\u00e9xico, a fin de ofrecer un programa acad\u00e9mico de alto nivel para comparar y compartir experiencias y estrechar lazos entre los profesionales dedicados a restaurar vidas con dignidad y humanismo.<\/p>\n\n\n\n<p>Entre los temas abordados durante el congreso destacan las caracter\u00edsticas y funciones de las pr\u00f3tesis de miembro inferior; pasado, presente y futuro de la rehabilitaci\u00f3n; proyecto de investigaci\u00f3n cubano en inclusi\u00f3n socioeducativa; fisioterapia acu\u00e1tica basada en la evidencia; y evaluaci\u00f3n de la postura, tono y reflejos en el neonato y ni\u00f1o con riesgo neurol\u00f3gico, entre otros.<\/p>\n\n\n\n<p>Las conferencias magistrales fueron tomadas por presidentas, presidentes, directores y directoras de los Sistemas DIF municipales, adem\u00e1s de personal del CREE, Unidades B\u00e1sicas de Rehabilitaci\u00f3n (UBR), Centros de Rehabilitaci\u00f3n Integral (CRI), docentes y alumnos de escuelas de educaci\u00f3n superior afines, entre otros profesionales de la salud.<\/p>\n","protected":false},"excerpt":{"rendered":"<p>Ciudad Victoria, Tamaulipas.- En el marco de la conmemoraci\u00f3n del 36 aniversario del Centro de&#8230;<\/p>\n","protected":false},"author":1,"featured_media":4009,"comment_status":"open","ping_status":"open","sticky":false,"template":"","format":"standard","meta":{"footnotes":""},"categories":[2],"tags":[],"class_list":["post-4008","post","type-post","status-publish","format-standard","has-post-thumbnail","hentry","category-tamaulipas"],"_links":{"self":[{"href":"https:\/\/noticierotamaulipeco.info\/index.php?rest_route=\/wp\/v2\/posts\/4008","targetHints":{"allow":["GET"]}}],"collection":[{"href":"https:\/\/noticierotamaulipeco.info\/index.php?rest_route=\/wp\/v2\/posts"}],"about":[{"href":"https:\/\/noticierotamaulipeco.info\/index.php?rest_route=\/wp\/v2\/types\/post"}],"author":[{"embeddable":true,"href":"https:\/\/noticierotamaulipeco.info\/index.php?rest_route=\/wp\/v2\/users\/1"}],"replies":[{"embeddable":true,"href":"https:\/\/noticierotamaulipeco.info\/index.php?rest_route=%2Fwp%2Fv2%2Fcomments&post=4008"}],"version-history":[{"count":1,"href":"https:\/\/noticierotamaulipeco.info\/index.php?rest_route=\/wp\/v2\/posts\/4008\/revisions"}],"predecessor-version":[{"id":4010,"href":"https:\/\/noticierotamaulipeco.info\/index.php?rest_route=\/wp\/v2\/posts\/4008\/revisions\/4010"}],"wp:featuredmedia":[{"embeddable":true,"href":"https:\/\/noticierotamaulipeco.info\/index.php?rest_route=\/wp\/v2\/media\/4009"}],"wp:attachment":[{"href":"https:\/\/noticierotamaulipeco.info\/index.php?rest_route=%2Fwp%2Fv2%2Fmedia&parent=4008"}],"wp:term":[{"taxonomy":"category","embeddable":true,"href":"https:\/\/noticierotamaulipeco.info\/index.php?rest_route=%2Fwp%2Fv2%2Fcategories&post=4008"},{"taxonomy":"post_tag","embeddable":true,"href":"https:\/\/noticierotamaulipeco.info\/index.php?rest_route=%2Fwp%2Fv2%2Ftags&post=4008"}],"curies":[{"name":"wp","href":"https:\/\/api.w.org\/{rel}","templated":true}]}}