{"id":4162,"date":"2024-11-25T15:37:01","date_gmt":"2024-11-25T15:37:01","guid":{"rendered":"https:\/\/noticierotamaulipeco.info\/?p=4162"},"modified":"2024-12-04T15:37:34","modified_gmt":"2024-12-04T15:37:34","slug":"celebro-injuve-tamaulipas-el-premio-de-la-juventud-con-un-joven-fest","status":"publish","type":"post","link":"https:\/\/noticierotamaulipeco.info\/?p=4162","title":{"rendered":"Celebr\u00f3 Injuve Tamaulipas el Premio de la Juventud con un \u201cJoven Fest\u201d"},"content":{"rendered":"\n<p>-Gobierno de Tamaulipas impulsa el talento de las juventudes<\/p>\n\n\n\n<p>IJU-020-2024<\/p>\n\n\n\n<p>Noviembre 25 de 2024<\/p>\n\n\n\n<p>Ciudad Victoria, Tamaulipas.- El Gobierno del Estado que dirige Am\u00e9rico Villarreal Anaya, a trav\u00e9s de la Secretar\u00eda del Trabajo y Previsi\u00f3n Social (STyPS), y, el Instituto de la Juventud de Tamaulipas (INJUVE), celebraron a los ganadores del Premio de la Juventud 2024 con un \u201cJoven Fest\u201d.<\/p>\n\n\n\n<p>Este evento se llev\u00f3 a cabo en el Parque de B\u00e9isbol Praxedis Balboa en Ciudad Victoria, y cont\u00f3 con el apoyo y respaldo del secretario del Trabajo, Luis Gerardo Illoldi Reyes, en el que se ofreci\u00f3 un concierto con la presentaci\u00f3n de talento local y el cantante internacional, Lasso, adem\u00e1s de un corredor de emprendedores, esto como parte del marco de actividades de los Premios Tu Talento Triunfa en Tamaulipas.<\/p>\n\n\n\n<p>En su intervenci\u00f3n, el director general de la Juventud, Oscar Azael Rodr\u00edguez Perales, reconoci\u00f3 el trabajo, compromiso, esfuerzo y trayectoria de las y los j\u00f3venes galardonados, al generar un impacto positivo en la sociedad.<\/p>\n\n\n\n<p>Raz\u00f3n por la cual dirigi\u00f3 un grato mensaje, \u201cagradezco al se\u00f1or gobernador, Am\u00e9rico Villarreal Anaya, que tuvo a bien realizar este evento para reconocer a todas las juventudes tamaulipecas y demostrar que las juventudes podemos hacer proyectos de alto impacto, que podemos recuperar y reconstruir nuestro tejido social que es tan importante para nuestra sociedad\u201d.<\/p>\n\n\n\n<p>Y agreg\u00f3, \u201ces momento de las juventudes, es momento de transformar nuestra realidad y nuestra historia, llevemos a cabo todos los proyectos, reconozcamos este talento y fortalezcamos todo el trabajo\u201d.<\/p>\n\n\n\n<p>\u201cEl Instituto de la Juventud se ha dedicado durante estos a\u00f1os a reconocer el trabajo de las juventudes, en el g\u00e9nero y la diversidad, a las mujeres activistas, las artes, el deporte, lo acad\u00e9mico, ciencia y tecnolog\u00eda, la participaci\u00f3n pol\u00edtica, y cada una de las \u00e1reas de desarrollo, y con el humanismo que nos ha ense\u00f1ado nuestro Gobernador hemos llevado la participaci\u00f3n ciudadana, los j\u00f3venes hemos recuperado la confianza en nuestras instituciones y prueba de ello es que estamos aqu\u00ed reunidos\u201d, dijo finalmente.<\/p>\n\n\n\n<p>Los Premios Juventud son galardones que se otorgan a las y los j\u00f3venes destacados en diferentes disciplinas, con el objetivo de resaltar la importancia de su participaci\u00f3n en distintas \u00e1reas haciendo visible su aportaci\u00f3n al desarrollo social y el de sus comunidades.<\/p>\n","protected":false},"excerpt":{"rendered":"<p>-Gobierno de Tamaulipas impulsa el talento de las juventudes IJU-020-2024 Noviembre 25 de 2024 Ciudad&#8230;<\/p>\n","protected":false},"author":1,"featured_media":4163,"comment_status":"open","ping_status":"open","sticky":false,"template":"","format":"standard","meta":{"footnotes":""},"categories":[2],"tags":[],"class_list":["post-4162","post","type-post","status-publish","format-standard","has-post-thumbnail","hentry","category-tamaulipas"],"_links":{"self":[{"href":"https:\/\/noticierotamaulipeco.info\/index.php?rest_route=\/wp\/v2\/posts\/4162","targetHints":{"allow":["GET"]}}],"collection":[{"href":"https:\/\/noticierotamaulipeco.info\/index.php?rest_route=\/wp\/v2\/posts"}],"about":[{"href":"https:\/\/noticierotamaulipeco.info\/index.php?rest_route=\/wp\/v2\/types\/post"}],"author":[{"embeddable":true,"href":"https:\/\/noticierotamaulipeco.info\/index.php?rest_route=\/wp\/v2\/users\/1"}],"replies":[{"embeddable":true,"href":"https:\/\/noticierotamaulipeco.info\/index.php?rest_route=%2Fwp%2Fv2%2Fcomments&post=4162"}],"version-history":[{"count":1,"href":"https:\/\/noticierotamaulipeco.info\/index.php?rest_route=\/wp\/v2\/posts\/4162\/revisions"}],"predecessor-version":[{"id":4164,"href":"https:\/\/noticierotamaulipeco.info\/index.php?rest_route=\/wp\/v2\/posts\/4162\/revisions\/4164"}],"wp:featuredmedia":[{"embeddable":true,"href":"https:\/\/noticierotamaulipeco.info\/index.php?rest_route=\/wp\/v2\/media\/4163"}],"wp:attachment":[{"href":"https:\/\/noticierotamaulipeco.info\/index.php?rest_route=%2Fwp%2Fv2%2Fmedia&parent=4162"}],"wp:term":[{"taxonomy":"category","embeddable":true,"href":"https:\/\/noticierotamaulipeco.info\/index.php?rest_route=%2Fwp%2Fv2%2Fcategories&post=4162"},{"taxonomy":"post_tag","embeddable":true,"href":"https:\/\/noticierotamaulipeco.info\/index.php?rest_route=%2Fwp%2Fv2%2Ftags&post=4162"}],"curies":[{"name":"wp","href":"https:\/\/api.w.org\/{rel}","templated":true}]}}