{"id":4176,"date":"2024-11-29T15:42:01","date_gmt":"2024-11-29T15:42:01","guid":{"rendered":"https:\/\/noticierotamaulipeco.info\/?p=4176"},"modified":"2024-12-04T15:42:29","modified_gmt":"2024-12-04T15:42:29","slug":"arranca-gobernador-americo-villarreal-programa-heroes-paisanos-2024","status":"publish","type":"post","link":"https:\/\/noticierotamaulipeco.info\/?p=4176","title":{"rendered":"Arranca gobernador Am\u00e9rico Villarreal Programa H\u00e9roes Paisanos 2024"},"content":{"rendered":"\n<p>-Preparado Tamaulipas para recibir a las familias que radican en EU; instala INM 19 m\u00f3dulos de atenci\u00f3n<\/p>\n\n\n\n<p>187-2024<\/p>\n\n\n\n<p>Noviembre 29 de 2024<\/p>\n\n\n\n<p>Nuevo Laredo, Tamaulipas.- Tamaulipas se ha preparado a conciencia para recibir a las y los paisanos que regresan a sus hogares o a quienes van en tr\u00e1nsito y habremos de ofrecerles una buena experiencia, \u00abque sepan y tengan la tranquilidad de que estamos aqu\u00ed para acompa\u00f1arles\u00bb, expres\u00f3 el gobernador Am\u00e9rico Villarreal Anaya.<\/p>\n\n\n\n<p>Al presidir el arranque del Operativo Especial de Invierno 2024 H\u00e9roes Paisanos, en la explanada del puente internacional Ju\u00e1rez-Lincoln, de esta ciudad, el gobernador de Tamaulipas llam\u00f3 a fortalecer la relaci\u00f3n binacional, a seguir construyendo puentes de amistad y colaboraci\u00f3n y demostrar que desde esta regi\u00f3n fronteriza se puede lograr una integraci\u00f3n social, econ\u00f3mica, en paz, productiva y con oportunidades de crecimiento y desarrollo social para todos y todas.<\/p>\n\n\n\n<p>\u00abQue tambi\u00e9n nos hagamos escuchar quienes vivimos en esta franja fronteriza, de las grandes oportunidades y crecimiento que estamos teniendo y que seamos escuchados a nivel de nuestros gobiernos federales para que nos tomen en cuenta en esta opini\u00f3n de participaci\u00f3n solidaria, de reciprocidad, de di\u00e1logo y de oportunidades en conjunto, para salir adelante de los problemas que nos aquejan\u00bb, dijo.<\/p>\n\n\n\n<p>Afirm\u00f3 que, a dos meses del inicio de su gobierno, la presidenta Claudia Sheinbaum ha insistido en que este es el inicio y la oportunidad para forjar una regi\u00f3n que se ha venido construyendo a lo largo de los \u00faltimos a\u00f1os, y que nos ha fortalecido como una regi\u00f3n econ\u00f3mica, de solidaridad y trabajo conjunto.<\/p>\n\n\n\n<p>Acompa\u00f1ado por Juan Carlos Mendoza S\u00e1nchez, c\u00f3nsul general de M\u00e9xico en Nuevo Laredo, y por el alcalde de Laredo, Texas, V\u00edctor Trevi\u00f1o, as\u00ed como por representantes de los tres \u00f3rdenes de gobierno que participan en este operativo, Villarreal Anaya dio la m\u00e1s cordial bienvenida a las y los paisanos y reiter\u00f3 que recibir\u00e1n una atenci\u00f3n integral, honesta y diligente en los tr\u00e1mites, y se les facilitar\u00e1 una migraci\u00f3n ordenada, legal, digna, \u00aby por supuesto un feliz retorno a casa\u00bb.<\/p>\n\n\n\n<p>\u00abBienvenidos y bienvenidas todos nuestros h\u00e9roes paisanos, Tamaulipas es su casa y se alegra de su presencia entre nosotros, les deseamos entre todos un feliz viaje y muy felices fiestas\u00bb, expres\u00f3.<\/p>\n\n\n\n<p>AM\u00c9RICO VILLARREAL GENERA UN CLIMA DE CONFIANZA EN NUESTRA ENTIDAD: CARMEN LILIA<\/p>\n\n\n\n<p>Al dar la bienvenida en el evento, la alcaldesa Carmen Lilia Canturosas Villarreal destac\u00f3 la visi\u00f3n y compromiso del gobernador Am\u00e9rico Villarreal y reconoci\u00f3 sus esfuerzos para fortalecer las instituciones de seguridad, generando un clima de confianza en nuestra entidad.<\/p>\n\n\n\n<p>\u00abSu compromiso con la paz y la tranquilidad es un faro de esperanza para todos los tamaulipecos; con su liderazgo nuestros paisanos pueden visitar a sus familias y regresar a sus hogares con la tranquilidad que tanto a\u00f1oran\u00bb, afirm\u00f3.<\/p>\n\n\n\n<p>Agreg\u00f3 que Nuevo Laredo ha desplegado un operativo de Tr\u00e1nsito, ofreciendo gr\u00faas sin costo para auxilio vial y asegurar el flujo vehicular eficiente, mientras que la Direcci\u00f3n de Protecci\u00f3n Civil y Bomberos estableci\u00f3 un centro de mando en el CIITEV equipado con param\u00e9dicos y apoyo m\u00e9dico para cualquier eventualidad y, adem\u00e1s, se ha instalado un m\u00f3dulo de informaci\u00f3n donde se entregar\u00e1n tr\u00edpticos, calcoman\u00edas, bolsas ecol\u00f3gicas y un espacio cultural con bailables e informaci\u00f3n tur\u00edstica.<\/p>\n\n\n\n<p>INM INSTALA 19 M\u00d3DULOS DE ATENCI\u00d3N EN TAMAULIPAS<\/p>\n\n\n\n<p>Por su parte, el titular de la oficina de representaci\u00f3n del Instituto Nacional de Migraci\u00f3n, INM, Seguismundo Dogu\u00edn Mart\u00ednez, explic\u00f3 que a partir de este d\u00eda y hasta el 12 de enero se contar\u00e1 a lo largo del estado con 48 observadores de la sociedad civil, en 19 m\u00f3dulos de atenci\u00f3n distribuidos en los municipios de Nuevo Laredo, Miguel Alem\u00e1n, Reynosa, Matamoros, Ciudad Victoria y Tampico.<\/p>\n\n\n\n<p>Adem\u00e1s, dijo, se difundir\u00e1 la informaci\u00f3n a trav\u00e9s de folleter\u00eda y medios digitales, los cuales tendr\u00e1n la facultad de recibir quejas y peticiones de los paisanos, las cuales ser\u00e1n canalizadas a la dependencia que corresponda para su atenci\u00f3n.<\/p>\n\n\n\n<p>\u00abPAISANO QU\u00c9DATE UN D\u00cdA EN TAMAULIPAS\u00bb<\/p>\n\n\n\n<p>Como parte de este operativo tambi\u00e9n se instal\u00f3 un m\u00f3dulo de la campa\u00f1a \u00abPaisano qu\u00e9date un d\u00eda en Tamaulipas\u00bb y se supervisaron los tr\u00e1mites que se realizan en el Centro de Internaci\u00f3n Temporal de Veh\u00edculos.<\/p>\n\n\n\n<p>En este evento acompa\u00f1aron al gobernador: H\u00e9ctor Joel Villegas, secretario general de Gobierno; el general Fernando Colchado G\u00f3mez, comandante de la Octava Zona Militar; el vicealmirante Sergio Flavio Cepeda Aguirre, comandante de la Primera Zona Naval de Matamoros; el coronel Milton Carlos Pantale\u00f3n Rocha, en representaci\u00f3n de la Guardia Nacional; el diputado federal Carlos Canturosas y An\u00edbal M\u00e9ndez Escudero, en representaci\u00f3n de la ANAM.<\/p>\n\n\n\n<p>Tambi\u00e9n estuvieron presentes el gerente de CAPUFE, Arsenio Campos Santoscoy; el alcalde de Miguel Alem\u00e1n, Ramiro Cort\u00e9s Barrera; Sergio Ch\u00e1vez Garc\u00eda, secretario de Seguridad P\u00fablica; Benjam\u00edn Hern\u00e1ndez Rodr\u00edguez, secretario de Turismo e Irving Barrios Mojica, fiscal general de Justicia de Tamaulipas.<\/p>\n","protected":false},"excerpt":{"rendered":"<p>-Preparado Tamaulipas para recibir a las familias que radican en EU; instala INM 19 m\u00f3dulos&#8230;<\/p>\n","protected":false},"author":1,"featured_media":4177,"comment_status":"open","ping_status":"open","sticky":false,"template":"","format":"standard","meta":{"footnotes":""},"categories":[2],"tags":[],"class_list":["post-4176","post","type-post","status-publish","format-standard","has-post-thumbnail","hentry","category-tamaulipas"],"_links":{"self":[{"href":"https:\/\/noticierotamaulipeco.info\/index.php?rest_route=\/wp\/v2\/posts\/4176","targetHints":{"allow":["GET"]}}],"collection":[{"href":"https:\/\/noticierotamaulipeco.info\/index.php?rest_route=\/wp\/v2\/posts"}],"about":[{"href":"https:\/\/noticierotamaulipeco.info\/index.php?rest_route=\/wp\/v2\/types\/post"}],"author":[{"embeddable":true,"href":"https:\/\/noticierotamaulipeco.info\/index.php?rest_route=\/wp\/v2\/users\/1"}],"replies":[{"embeddable":true,"href":"https:\/\/noticierotamaulipeco.info\/index.php?rest_route=%2Fwp%2Fv2%2Fcomments&post=4176"}],"version-history":[{"count":1,"href":"https:\/\/noticierotamaulipeco.info\/index.php?rest_route=\/wp\/v2\/posts\/4176\/revisions"}],"predecessor-version":[{"id":4178,"href":"https:\/\/noticierotamaulipeco.info\/index.php?rest_route=\/wp\/v2\/posts\/4176\/revisions\/4178"}],"wp:featuredmedia":[{"embeddable":true,"href":"https:\/\/noticierotamaulipeco.info\/index.php?rest_route=\/wp\/v2\/media\/4177"}],"wp:attachment":[{"href":"https:\/\/noticierotamaulipeco.info\/index.php?rest_route=%2Fwp%2Fv2%2Fmedia&parent=4176"}],"wp:term":[{"taxonomy":"category","embeddable":true,"href":"https:\/\/noticierotamaulipeco.info\/index.php?rest_route=%2Fwp%2Fv2%2Fcategories&post=4176"},{"taxonomy":"post_tag","embeddable":true,"href":"https:\/\/noticierotamaulipeco.info\/index.php?rest_route=%2Fwp%2Fv2%2Ftags&post=4176"}],"curies":[{"name":"wp","href":"https:\/\/api.w.org\/{rel}","templated":true}]}}