{"id":4335,"date":"2024-12-22T18:57:22","date_gmt":"2024-12-22T18:57:22","guid":{"rendered":"https:\/\/noticierotamaulipeco.info\/?p=4335"},"modified":"2025-01-07T18:57:46","modified_gmt":"2025-01-07T18:57:46","slug":"cero-impunidad-en-tamaulipas-detienen-y-vinculan-a-presuntos-responsables-de-diferentes-delitos","status":"publish","type":"post","link":"https:\/\/noticierotamaulipeco.info\/?p=4335","title":{"rendered":"Cero impunidad en Tamaulipas: detienen y vinculan a presuntos responsables de diferentes delitos"},"content":{"rendered":"\n<p>Diciembre 22 de 2024<\/p>\n\n\n\n<p>Ciudad Victoria, Tamaulipas.- El vocero de Seguridad de Tamaulipas, Jorge Cu\u00e9llar Montoya, reiter\u00f3 que la pol\u00edtica de cero impunidad implementada por el gobernador Am\u00e9rico Villarreal desde el inicio de su administraci\u00f3n se cumple a cabalidad y ha quedado demostrada con hechos, logrando la detenci\u00f3n y vinculaci\u00f3n a proceso de personas involucradas en los casos m\u00e1s relevantes ocurridos recientemente en el estado.<\/p>\n\n\n\n<p>Ante representantes de los medios de comunicaci\u00f3n, el vocero realiz\u00f3 un recuento de las detenciones de presuntos delincuentes implicados en hechos delictivos de alto impacto, gracias a la coordinaci\u00f3n entre las instituciones de seguridad y procuraci\u00f3n de justicia.<\/p>\n\n\n\n<p>El funcionario destac\u00f3 la vinculaci\u00f3n a proceso de Xabiany Jes\u00fas \u2018G\u2019, acusado del delito de feminicidio de una menor de edad ocurrido el 20 de septiembre en Altamira.<\/p>\n\n\n\n<p>Tambi\u00e9n mencion\u00f3 la captura de Christian de Jes\u00fas \u2018R\u2019, se\u00f1alado por el delito de feminicidio en grado de tentativa en contra de Melanie \u2018B\u2019 el 31 de octubre en Ciudad Madero, as\u00ed como la detenci\u00f3n de un menor de edad acusado de la agresi\u00f3n armada contra el magistrado Edgar Dan\u00e9s, registrada el 21 de agosto en Ciudad Victoria.<\/p>\n\n\n\n<p>Reiter\u00f3 que por instrucciones del gobernador Villarreal Anaya, se trabaja con especial atenci\u00f3n para prevenir y atender todos los delitos de agresi\u00f3n hacia las ni\u00f1as, ni\u00f1os, adolescentes y mujeres.<\/p>\n\n\n\n<p>Otros casos a los que se refiri\u00f3 Cu\u00e9llar Montoya incluyen el homicidio del entonces candidato a la alcald\u00eda de El Mante, No\u00e9 Ramos, en abril de este a\u00f1o, por el cual se detuvo a Eliud Guadalupe, adem\u00e1s de la detenci\u00f3n de tres personas involucradas en el secuestro del empresario Jos\u00e9 Ventura en agosto, en Reynosa.<\/p>\n\n\n\n<p>Agreg\u00f3 que, en el caso del empresario matamorense Julio Almanza, se cuenta con el retrato hablado de dos sospechosos involucrados en el homicidio. Asimismo, inform\u00f3 que, en el caso de una mujer agredida con un machete en Altamira el 19 de septiembre, el agresor, Alejandro \u2018A\u2019, fue detenido y vinculado a proceso<\/p>\n","protected":false},"excerpt":{"rendered":"<p>Diciembre 22 de 2024 Ciudad Victoria, Tamaulipas.- El vocero de Seguridad de Tamaulipas, Jorge Cu\u00e9llar&#8230;<\/p>\n","protected":false},"author":1,"featured_media":4336,"comment_status":"open","ping_status":"open","sticky":false,"template":"","format":"standard","meta":{"footnotes":""},"categories":[2],"tags":[],"class_list":["post-4335","post","type-post","status-publish","format-standard","has-post-thumbnail","hentry","category-tamaulipas"],"_links":{"self":[{"href":"https:\/\/noticierotamaulipeco.info\/index.php?rest_route=\/wp\/v2\/posts\/4335","targetHints":{"allow":["GET"]}}],"collection":[{"href":"https:\/\/noticierotamaulipeco.info\/index.php?rest_route=\/wp\/v2\/posts"}],"about":[{"href":"https:\/\/noticierotamaulipeco.info\/index.php?rest_route=\/wp\/v2\/types\/post"}],"author":[{"embeddable":true,"href":"https:\/\/noticierotamaulipeco.info\/index.php?rest_route=\/wp\/v2\/users\/1"}],"replies":[{"embeddable":true,"href":"https:\/\/noticierotamaulipeco.info\/index.php?rest_route=%2Fwp%2Fv2%2Fcomments&post=4335"}],"version-history":[{"count":1,"href":"https:\/\/noticierotamaulipeco.info\/index.php?rest_route=\/wp\/v2\/posts\/4335\/revisions"}],"predecessor-version":[{"id":4337,"href":"https:\/\/noticierotamaulipeco.info\/index.php?rest_route=\/wp\/v2\/posts\/4335\/revisions\/4337"}],"wp:featuredmedia":[{"embeddable":true,"href":"https:\/\/noticierotamaulipeco.info\/index.php?rest_route=\/wp\/v2\/media\/4336"}],"wp:attachment":[{"href":"https:\/\/noticierotamaulipeco.info\/index.php?rest_route=%2Fwp%2Fv2%2Fmedia&parent=4335"}],"wp:term":[{"taxonomy":"category","embeddable":true,"href":"https:\/\/noticierotamaulipeco.info\/index.php?rest_route=%2Fwp%2Fv2%2Fcategories&post=4335"},{"taxonomy":"post_tag","embeddable":true,"href":"https:\/\/noticierotamaulipeco.info\/index.php?rest_route=%2Fwp%2Fv2%2Ftags&post=4335"}],"curies":[{"name":"wp","href":"https:\/\/api.w.org\/{rel}","templated":true}]}}