{"id":4341,"date":"2024-12-20T18:59:17","date_gmt":"2024-12-20T18:59:17","guid":{"rendered":"https:\/\/noticierotamaulipeco.info\/?p=4341"},"modified":"2025-01-07T18:59:41","modified_gmt":"2025-01-07T18:59:41","slug":"oficinas-de-registro-civil-laboraran-en-horario-especial-en-periodo-vacacional","status":"publish","type":"post","link":"https:\/\/noticierotamaulipeco.info\/?p=4341","title":{"rendered":"Oficinas de Registro Civil laborar\u00e1n en horario especial en periodo vacacional"},"content":{"rendered":"\n<p>Diciembre 20 de 2024<\/p>\n\n\n\n<p>Ciudad Victoria, Tamaulipas.- El coordinador del Registro Civil, Mauro Francisco Sandoval Contreras, inform\u00f3 que en cumplimiento con el compromiso de atenci\u00f3n a la ciudadan\u00eda, la Coordinaci\u00f3n de Registro Civil continuar\u00e1 brindando sus servicios durante el periodo de receso comprendido del 19 de diciembre al 3 de enero de 2025.<\/p>\n\n\n\n<p>Para este periodo, las oficinas operar\u00e1n en un horario especial de 9:00 a.m. a 2:00 p.m. Se hace del conocimiento de la poblaci\u00f3n que los d\u00edas 25 de diciembre y 1 de enero de 2025, las oficinas permanecer\u00e1n cerradas.<\/p>\n\n\n\n<p>Las actividades regulares se reanudar\u00e1n el 6 de enero de 2025, en su horario habitual de 8:00 a.m. a 4:00 p.m.<\/p>\n\n\n\n<p>El Registro Civil reitera su compromiso con la comunidad al garantizar la atenci\u00f3n continua durante estas fechas importantes. Se invita a las y los usuarios a programar sus visitas de acuerdo con los horarios mencionados para asegurar la mejor experiencia en la realizaci\u00f3n de sus tr\u00e1mites.<\/p>\n","protected":false},"excerpt":{"rendered":"<p>Diciembre 20 de 2024 Ciudad Victoria, Tamaulipas.- El coordinador del Registro Civil, Mauro Francisco Sandoval&#8230;<\/p>\n","protected":false},"author":1,"featured_media":4342,"comment_status":"open","ping_status":"open","sticky":false,"template":"","format":"standard","meta":{"footnotes":""},"categories":[2],"tags":[],"class_list":["post-4341","post","type-post","status-publish","format-standard","has-post-thumbnail","hentry","category-tamaulipas"],"_links":{"self":[{"href":"https:\/\/noticierotamaulipeco.info\/index.php?rest_route=\/wp\/v2\/posts\/4341","targetHints":{"allow":["GET"]}}],"collection":[{"href":"https:\/\/noticierotamaulipeco.info\/index.php?rest_route=\/wp\/v2\/posts"}],"about":[{"href":"https:\/\/noticierotamaulipeco.info\/index.php?rest_route=\/wp\/v2\/types\/post"}],"author":[{"embeddable":true,"href":"https:\/\/noticierotamaulipeco.info\/index.php?rest_route=\/wp\/v2\/users\/1"}],"replies":[{"embeddable":true,"href":"https:\/\/noticierotamaulipeco.info\/index.php?rest_route=%2Fwp%2Fv2%2Fcomments&post=4341"}],"version-history":[{"count":1,"href":"https:\/\/noticierotamaulipeco.info\/index.php?rest_route=\/wp\/v2\/posts\/4341\/revisions"}],"predecessor-version":[{"id":4343,"href":"https:\/\/noticierotamaulipeco.info\/index.php?rest_route=\/wp\/v2\/posts\/4341\/revisions\/4343"}],"wp:featuredmedia":[{"embeddable":true,"href":"https:\/\/noticierotamaulipeco.info\/index.php?rest_route=\/wp\/v2\/media\/4342"}],"wp:attachment":[{"href":"https:\/\/noticierotamaulipeco.info\/index.php?rest_route=%2Fwp%2Fv2%2Fmedia&parent=4341"}],"wp:term":[{"taxonomy":"category","embeddable":true,"href":"https:\/\/noticierotamaulipeco.info\/index.php?rest_route=%2Fwp%2Fv2%2Fcategories&post=4341"},{"taxonomy":"post_tag","embeddable":true,"href":"https:\/\/noticierotamaulipeco.info\/index.php?rest_route=%2Fwp%2Fv2%2Ftags&post=4341"}],"curies":[{"name":"wp","href":"https:\/\/api.w.org\/{rel}","templated":true}]}}