{"id":4377,"date":"2024-12-08T19:09:27","date_gmt":"2024-12-08T19:09:27","guid":{"rendered":"https:\/\/noticierotamaulipeco.info\/?p=4377"},"modified":"2025-01-07T19:10:00","modified_gmt":"2025-01-07T19:10:00","slug":"presidenta-claudia-sheinbaum-refrenda-apoyo-a-tamaulipas","status":"publish","type":"post","link":"https:\/\/noticierotamaulipeco.info\/?p=4377","title":{"rendered":"Presidenta Claudia Sheinbaum refrenda apoyo a Tamaulipas"},"content":{"rendered":"\n<p>-Anuncia, junto al gobernador Am\u00e9rico Villarreal, proyectos prioritarios de carreteras, puertos y transporte<\/p>\n\n\n\n<p>195-2024<\/p>\n\n\n\n<p>Diciembre 08 de 2024<\/p>\n\n\n\n<p>Nuevo Laredo, Tamaulipas.- La presidenta de M\u00e9xico, Claudia Sheinbaum Pardo, asegur\u00f3 que trabajar\u00e1 muy cerca de Tamaulipas y refrend\u00f3 su apoyo al gobernador Am\u00e9rico Villarreal Anaya para impulsar proyectos prioritarios de carreteras, transporte p\u00fablico, el Puerto de Matamoros y el tren de pasajeros Ciudad de M\u00e9xico-Laredo.<\/p>\n\n\n\n<p>Durante un emotivo evento masivo sobre Programas Sociales para el Bienestar, en el Polyforum La Fe de Nuevo Laredo, en su primera visita oficial, Claudia Sheinbaum dio a conocer que el pr\u00f3ximo 31 de marzo regresar\u00e1 a esta ciudad para inaugurar la nueva Agencia Nacional de Aduanas: \u00abAqu\u00ed nos vemos\u00bb.<\/p>\n\n\n\n<p>\u00abVamos a estar muy cerca de Tamaulipas, de ustedes. Vamos a estar muy cerca. No va a haber divorcio con el pueblo de Tamaulipas\u00bb, dijo.<\/p>\n\n\n\n<p>\u00abAl rev\u00e9s, vamos a trabajar muy de la mano con el gobernador Am\u00e9rico y vamos a regresar varias veces. Ya en marzo tenemos que regresar a la inauguraci\u00f3n de la Aduana\u00bb, agreg\u00f3.<\/p>\n\n\n\n<p>La presidenta de M\u00e9xico afirm\u00f3 que \u00abel pueblo de Tamaulipas es mucha pieza\u00bb y tambi\u00e9n hizo un reconocimiento al gobernador Am\u00e9rico Villarreal.<\/p>\n\n\n\n<p>\u00abHoy Am\u00e9rico realiza un trabajo extraordinario, cercano a la gente, defiende a su estado con valent\u00eda, con entrega y mucha convicci\u00f3n\u00bb, expres\u00f3.<\/p>\n\n\n\n<p>En un amplio discurso sobre la importancia de la relaci\u00f3n comercial y la integraci\u00f3n econ\u00f3mica entre M\u00e9xico y Estados Unidos, la presidenta insisti\u00f3 en que la colaboraci\u00f3n y la cooperaci\u00f3n son la mejor f\u00f3rmula para enfrentar la competencia econ\u00f3mica y comercial con China.<\/p>\n\n\n\n<p>En el marco de esta gira, la presidenta recorri\u00f3 las obras de la aduana y presidi\u00f3 una reuni\u00f3n de trabajo con el gobernador Villarreal Anaya y parte de su gabinete, donde se aprobaron obras de agua, infraestructura carretera y la continuaci\u00f3n del puerto de Matamoros, entre otros proyectos.<\/p>\n","protected":false},"excerpt":{"rendered":"<p>-Anuncia, junto al gobernador Am\u00e9rico Villarreal, proyectos prioritarios de carreteras, puertos y transporte 195-2024 Diciembre&#8230;<\/p>\n","protected":false},"author":1,"featured_media":4378,"comment_status":"open","ping_status":"open","sticky":false,"template":"","format":"standard","meta":{"footnotes":""},"categories":[2],"tags":[],"class_list":["post-4377","post","type-post","status-publish","format-standard","has-post-thumbnail","hentry","category-tamaulipas"],"_links":{"self":[{"href":"https:\/\/noticierotamaulipeco.info\/index.php?rest_route=\/wp\/v2\/posts\/4377","targetHints":{"allow":["GET"]}}],"collection":[{"href":"https:\/\/noticierotamaulipeco.info\/index.php?rest_route=\/wp\/v2\/posts"}],"about":[{"href":"https:\/\/noticierotamaulipeco.info\/index.php?rest_route=\/wp\/v2\/types\/post"}],"author":[{"embeddable":true,"href":"https:\/\/noticierotamaulipeco.info\/index.php?rest_route=\/wp\/v2\/users\/1"}],"replies":[{"embeddable":true,"href":"https:\/\/noticierotamaulipeco.info\/index.php?rest_route=%2Fwp%2Fv2%2Fcomments&post=4377"}],"version-history":[{"count":1,"href":"https:\/\/noticierotamaulipeco.info\/index.php?rest_route=\/wp\/v2\/posts\/4377\/revisions"}],"predecessor-version":[{"id":4379,"href":"https:\/\/noticierotamaulipeco.info\/index.php?rest_route=\/wp\/v2\/posts\/4377\/revisions\/4379"}],"wp:featuredmedia":[{"embeddable":true,"href":"https:\/\/noticierotamaulipeco.info\/index.php?rest_route=\/wp\/v2\/media\/4378"}],"wp:attachment":[{"href":"https:\/\/noticierotamaulipeco.info\/index.php?rest_route=%2Fwp%2Fv2%2Fmedia&parent=4377"}],"wp:term":[{"taxonomy":"category","embeddable":true,"href":"https:\/\/noticierotamaulipeco.info\/index.php?rest_route=%2Fwp%2Fv2%2Fcategories&post=4377"},{"taxonomy":"post_tag","embeddable":true,"href":"https:\/\/noticierotamaulipeco.info\/index.php?rest_route=%2Fwp%2Fv2%2Ftags&post=4377"}],"curies":[{"name":"wp","href":"https:\/\/api.w.org\/{rel}","templated":true}]}}