{"id":4439,"date":"2025-01-12T04:23:31","date_gmt":"2025-01-12T04:23:31","guid":{"rendered":"https:\/\/noticierotamaulipeco.info\/?p=4439"},"modified":"2025-01-13T04:25:44","modified_gmt":"2025-01-13T04:25:44","slug":"asiste-el-gobernador-americo-villareal-al-informe-de-los-100-dias-de-gobierno-de-claudia-sheinbaum","status":"publish","type":"post","link":"https:\/\/noticierotamaulipeco.info\/?p=4439","title":{"rendered":"Asiste el Gobernador Am\u00e9rico Villareal al informe de los 100 d\u00edas de gobierno de Claudia Sheinbaum"},"content":{"rendered":"\n<p>El gobernador asisti\u00f3 al Informe de los primeros 100 d\u00edas de gobierno de la presidenta , realizado en el Z\u00f3calo de la Ciudad de M\u00e9xico, junto a las y los gobernadores del pa\u00eds.<\/p>\n\n\n\n<p>En su mensaje, la Presidenta destac\u00f3 avances en seguridad, programas sociales y relaciones internacionales que han beneficiado a millones de familias mexicanas, con apoyos como pensiones, becas y programas de salud y vivienda, reafirmando su compromiso con la <a><\/a>justicia social y la igualdad.<\/p>\n\n\n\n<p>Su liderazgo est\u00e1 marcando una nueva etapa en la Cuarta Transformaci\u00f3n, construyendo las bases de un M\u00e9xico m\u00e1s equitativo, solidario y con mayores oportunidades para todas y todos.<\/p>\n\n\n\n<p><a href=\"https:\/\/www.facebook.com\/photo\/?fbid=1058174199688604&amp;set=a.362534452585919&amp;__cft__[0]=AZWqmN08zmubJcOYB-2_8QTB2ilvnYDdgbDxaVL51uUiP0RcrF1c8IlpOaycl3awTOlDEwDrDfii6vFptu-E_mHMSNApwm96Qmd6PE4BwsWss4sS5V-PmK_MtzM-VIsucX78mLiDCzey1jnIRiz2uCy2cf00l2AOc3MleKDYo8mLOLG_tMaKBRnO2afs9Cdl7gU&amp;__tn__=EH-R\"><\/a><\/p>\n","protected":false},"excerpt":{"rendered":"<p>El gobernador asisti\u00f3 al Informe de los primeros 100 d\u00edas de gobierno de la presidenta&#8230;<\/p>\n","protected":false},"author":1,"featured_media":4440,"comment_status":"open","ping_status":"open","sticky":false,"template":"","format":"standard","meta":{"footnotes":""},"categories":[2],"tags":[],"class_list":["post-4439","post","type-post","status-publish","format-standard","has-post-thumbnail","hentry","category-tamaulipas"],"_links":{"self":[{"href":"https:\/\/noticierotamaulipeco.info\/index.php?rest_route=\/wp\/v2\/posts\/4439","targetHints":{"allow":["GET"]}}],"collection":[{"href":"https:\/\/noticierotamaulipeco.info\/index.php?rest_route=\/wp\/v2\/posts"}],"about":[{"href":"https:\/\/noticierotamaulipeco.info\/index.php?rest_route=\/wp\/v2\/types\/post"}],"author":[{"embeddable":true,"href":"https:\/\/noticierotamaulipeco.info\/index.php?rest_route=\/wp\/v2\/users\/1"}],"replies":[{"embeddable":true,"href":"https:\/\/noticierotamaulipeco.info\/index.php?rest_route=%2Fwp%2Fv2%2Fcomments&post=4439"}],"version-history":[{"count":1,"href":"https:\/\/noticierotamaulipeco.info\/index.php?rest_route=\/wp\/v2\/posts\/4439\/revisions"}],"predecessor-version":[{"id":4441,"href":"https:\/\/noticierotamaulipeco.info\/index.php?rest_route=\/wp\/v2\/posts\/4439\/revisions\/4441"}],"wp:featuredmedia":[{"embeddable":true,"href":"https:\/\/noticierotamaulipeco.info\/index.php?rest_route=\/wp\/v2\/media\/4440"}],"wp:attachment":[{"href":"https:\/\/noticierotamaulipeco.info\/index.php?rest_route=%2Fwp%2Fv2%2Fmedia&parent=4439"}],"wp:term":[{"taxonomy":"category","embeddable":true,"href":"https:\/\/noticierotamaulipeco.info\/index.php?rest_route=%2Fwp%2Fv2%2Fcategories&post=4439"},{"taxonomy":"post_tag","embeddable":true,"href":"https:\/\/noticierotamaulipeco.info\/index.php?rest_route=%2Fwp%2Fv2%2Ftags&post=4439"}],"curies":[{"name":"wp","href":"https:\/\/api.w.org\/{rel}","templated":true}]}}