{"id":4481,"date":"2025-01-16T20:40:27","date_gmt":"2025-01-16T20:40:27","guid":{"rendered":"https:\/\/noticierotamaulipeco.info\/?p=4481"},"modified":"2025-01-17T20:40:52","modified_gmt":"2025-01-17T20:40:52","slug":"consolida-la-uat-su-crecimiento-con-proyectos-academicos","status":"publish","type":"post","link":"https:\/\/noticierotamaulipeco.info\/?p=4481","title":{"rendered":"Consolida la UAT su crecimiento con proyectos acad\u00e9micos"},"content":{"rendered":"\n<p>El rector D\u00e1maso Anaya Alvarado presidi\u00f3, en el Campus Victoria, la d\u00e9cima reuni\u00f3n del<br>Colegio de Directores de la Universidad Aut\u00f3noma de Tamaulipas (UAT), en cuyo marco<br>expuso una serie de proyectos para el desarrollo de esta casa de estudios.<br>En su intervenci\u00f3n, dio la bienvenida a las y los directores de las escuelas, facultades y<br>unidades acad\u00e9micas de la UAT, por el inicio de actividades del presente a\u00f1o y del ciclo<br>escolar universitario.<br>Como parte del orden del d\u00eda, se present\u00f3 la agenda institucional del primer trimestre del<br>2025, en la que se contempla el inicio de actividades por el 75 Aniversario de la UAT,<br>adem\u00e1s de temas relacionados con la planeaci\u00f3n y la organizaci\u00f3n institucional, as\u00ed como<br>la operaci\u00f3n de un sistema integral de archivos.<br>Destac\u00f3 la importancia de celebrar la primera sesi\u00f3n del a\u00f1o de este cuerpo colegiado<br>para evaluar as\u00ed las acciones y avances del 2024, que permiten consolidar las metas del<br>Plan de Desarrollo Institucional de la UAT.<br>En ese contexto, destac\u00f3 los adelantos de las obras de infraestructura para el<br>mejoramiento integral de cada uno de los planteles mediante la construcci\u00f3n de aulas,<br>laboratorios, equipamiento tecnol\u00f3gico, mejoramiento de espacios para el deporte y el<br>desarrollo de actividades escolares.<br>Inform\u00f3 que la UAT tuvo una importante participaci\u00f3n en los recientes foros de consulta<br>nacional sobre energ\u00eda y de la juventud, que tuvieron como sede a Tamaulipas, para<br>contribuir con el Plan Nacional de Desarrollo 2025-2030.<br>Refiri\u00f3 que se busca procurar las mejores herramientas para la comunidad universitaria,<br>destacando que se busca adquirir veh\u00edculos para facilitar el transporte de los estudiantes,<br>quienes muchas veces tienen que viajar largas distancias para llegar a su centro de<br>estudios.<\/p>\n\n\n\n<p>A\u00f1adi\u00f3 que tambi\u00e9n habr\u00e1 un fuerte impulso a la vinculaci\u00f3n con instituciones acad\u00e9micas<br>internacionales, y una mayor integraci\u00f3n de los estudiantes en la pr\u00e1ctica deportiva y en<br>programas de vinculaci\u00f3n con la comunidad.<br>En otra parte de la reuni\u00f3n, el rector D\u00e1maso Anaya le dio la bienvenida a la nueva<br>secretaria general de la UAT, Mar\u00eda Concepci\u00f3n Plasencia Valadez, y de igual forma<br>entreg\u00f3 nombramientos a Ignacio Hern\u00e1ndez Rodr\u00edguez y Luis Miguel Rodr\u00edguez Gonz\u00e1lez,<br>como enlaces de esta secretar\u00eda en las zonas norte y sur, respectivamente.<\/p>\n","protected":false},"excerpt":{"rendered":"<p>El rector D\u00e1maso Anaya Alvarado presidi\u00f3, en el Campus Victoria, la d\u00e9cima reuni\u00f3n delColegio de&#8230;<\/p>\n","protected":false},"author":1,"featured_media":4482,"comment_status":"open","ping_status":"open","sticky":false,"template":"","format":"standard","meta":{"footnotes":""},"categories":[4],"tags":[],"class_list":["post-4481","post","type-post","status-publish","format-standard","has-post-thumbnail","hentry","category-educacion"],"_links":{"self":[{"href":"https:\/\/noticierotamaulipeco.info\/index.php?rest_route=\/wp\/v2\/posts\/4481","targetHints":{"allow":["GET"]}}],"collection":[{"href":"https:\/\/noticierotamaulipeco.info\/index.php?rest_route=\/wp\/v2\/posts"}],"about":[{"href":"https:\/\/noticierotamaulipeco.info\/index.php?rest_route=\/wp\/v2\/types\/post"}],"author":[{"embeddable":true,"href":"https:\/\/noticierotamaulipeco.info\/index.php?rest_route=\/wp\/v2\/users\/1"}],"replies":[{"embeddable":true,"href":"https:\/\/noticierotamaulipeco.info\/index.php?rest_route=%2Fwp%2Fv2%2Fcomments&post=4481"}],"version-history":[{"count":1,"href":"https:\/\/noticierotamaulipeco.info\/index.php?rest_route=\/wp\/v2\/posts\/4481\/revisions"}],"predecessor-version":[{"id":4483,"href":"https:\/\/noticierotamaulipeco.info\/index.php?rest_route=\/wp\/v2\/posts\/4481\/revisions\/4483"}],"wp:featuredmedia":[{"embeddable":true,"href":"https:\/\/noticierotamaulipeco.info\/index.php?rest_route=\/wp\/v2\/media\/4482"}],"wp:attachment":[{"href":"https:\/\/noticierotamaulipeco.info\/index.php?rest_route=%2Fwp%2Fv2%2Fmedia&parent=4481"}],"wp:term":[{"taxonomy":"category","embeddable":true,"href":"https:\/\/noticierotamaulipeco.info\/index.php?rest_route=%2Fwp%2Fv2%2Fcategories&post=4481"},{"taxonomy":"post_tag","embeddable":true,"href":"https:\/\/noticierotamaulipeco.info\/index.php?rest_route=%2Fwp%2Fv2%2Ftags&post=4481"}],"curies":[{"name":"wp","href":"https:\/\/api.w.org\/{rel}","templated":true}]}}