{"id":4484,"date":"2025-01-17T20:42:07","date_gmt":"2025-01-17T20:42:07","guid":{"rendered":"https:\/\/noticierotamaulipeco.info\/?p=4484"},"modified":"2025-01-17T20:42:07","modified_gmt":"2025-01-17T20:42:07","slug":"contadores-publicos-pieza-clave-entre-gobierno-y-ciudadanos-jesus-lavin-verastegui","status":"publish","type":"post","link":"https:\/\/noticierotamaulipeco.info\/?p=4484","title":{"rendered":"Contadores P\u00fablicos: Pieza clave entre gobierno y ciudadanos: Jes\u00fas Lav\u00edn Ver\u00e1stegui"},"content":{"rendered":"\n<p>Enero 17 de 2025<\/p>\n\n\n\n<p>Ciudad Victoria, Tamaulipas.- El secretario de Finanzas del Gobierno de Tamaulipas, Jes\u00fas Lav\u00edn Ver\u00e1stegui, asisti\u00f3 en representaci\u00f3n del gobernador Am\u00e9rico Villarreal Anaya a la toma de protesta del Consejo Directivo del Colegio de Contadores P\u00fablicos de Ciudad Victoria.<\/p>\n\n\n\n<p>Durante su intervenci\u00f3n, Lav\u00edn Ver\u00e1stegui felicit\u00f3 a las y los nuevos integrantes, a quienes exhort\u00f3 a procurar los valores de servicio y conocimiento que a lo largo de los a\u00f1os han caracterizado al Colegio de Contadores P\u00fablicos.<\/p>\n\n\n\n<p>Asimismo, mencion\u00f3: \u00abPara el doctor Am\u00e9rico Villarreal Anaya, las y los contadores p\u00fablicos son aliados indiscutibles de su gobierno, pues son un puente entre los contribuyentes y la autoridad fiscal\u00bb.<\/p>\n\n\n\n<p>Al finalizar, expres\u00f3 sus parabienes a Nelly Karina Narv\u00e1ez Wong, nueva presidenta del Colegio de Contadores de la capital del estado.<\/p>\n","protected":false},"excerpt":{"rendered":"<p>Enero 17 de 2025 Ciudad Victoria, Tamaulipas.- El secretario de Finanzas del Gobierno de Tamaulipas,&#8230;<\/p>\n","protected":false},"author":1,"featured_media":4485,"comment_status":"open","ping_status":"open","sticky":false,"template":"","format":"standard","meta":{"footnotes":""},"categories":[2],"tags":[],"class_list":["post-4484","post","type-post","status-publish","format-standard","has-post-thumbnail","hentry","category-tamaulipas"],"_links":{"self":[{"href":"https:\/\/noticierotamaulipeco.info\/index.php?rest_route=\/wp\/v2\/posts\/4484","targetHints":{"allow":["GET"]}}],"collection":[{"href":"https:\/\/noticierotamaulipeco.info\/index.php?rest_route=\/wp\/v2\/posts"}],"about":[{"href":"https:\/\/noticierotamaulipeco.info\/index.php?rest_route=\/wp\/v2\/types\/post"}],"author":[{"embeddable":true,"href":"https:\/\/noticierotamaulipeco.info\/index.php?rest_route=\/wp\/v2\/users\/1"}],"replies":[{"embeddable":true,"href":"https:\/\/noticierotamaulipeco.info\/index.php?rest_route=%2Fwp%2Fv2%2Fcomments&post=4484"}],"version-history":[{"count":1,"href":"https:\/\/noticierotamaulipeco.info\/index.php?rest_route=\/wp\/v2\/posts\/4484\/revisions"}],"predecessor-version":[{"id":4486,"href":"https:\/\/noticierotamaulipeco.info\/index.php?rest_route=\/wp\/v2\/posts\/4484\/revisions\/4486"}],"wp:featuredmedia":[{"embeddable":true,"href":"https:\/\/noticierotamaulipeco.info\/index.php?rest_route=\/wp\/v2\/media\/4485"}],"wp:attachment":[{"href":"https:\/\/noticierotamaulipeco.info\/index.php?rest_route=%2Fwp%2Fv2%2Fmedia&parent=4484"}],"wp:term":[{"taxonomy":"category","embeddable":true,"href":"https:\/\/noticierotamaulipeco.info\/index.php?rest_route=%2Fwp%2Fv2%2Fcategories&post=4484"},{"taxonomy":"post_tag","embeddable":true,"href":"https:\/\/noticierotamaulipeco.info\/index.php?rest_route=%2Fwp%2Fv2%2Ftags&post=4484"}],"curies":[{"name":"wp","href":"https:\/\/api.w.org\/{rel}","templated":true}]}}