{"id":4490,"date":"2025-01-17T18:39:12","date_gmt":"2025-01-17T18:39:12","guid":{"rendered":"https:\/\/noticierotamaulipeco.info\/?p=4490"},"modified":"2025-01-22T18:39:41","modified_gmt":"2025-01-22T18:39:41","slug":"encabeza-rector-caravana-naranja-en-apoyo-al-correcaminos","status":"publish","type":"post","link":"https:\/\/noticierotamaulipeco.info\/?p=4490","title":{"rendered":"Encabeza rector caravana naranja en apoyo al Correcaminos"},"content":{"rendered":"\n<p>En un ambiente festivo y lleno de entusiasmo, el rector de la Universidad Aut\u00f3noma de<br>Tamaulipas (UAT), D\u00e1maso Anaya Alvarado, encabez\u00f3 la caravana naranja que marca el<br>debut en casa del Club de Futbol Correcaminos, en la segunda jornada del Torneo<br>Clausura 2025 de la Liga de Expansi\u00f3n MX.<br>La caravana parti\u00f3 desde el edificio de la Rector\u00eda con cientos de personas, entre<br>integrantes de la comunidad universitaria y de la afici\u00f3n en general que se unieron junto<br>al rector de la UAT para hacer un recorrido por las principales avenidas de Ciudad Victoria<br>hasta el Estadio Marte R. G\u00f3mez.<br>Al dar arranque a la caminata, el rector destac\u00f3 la importancia de esta nueva etapa para el<br>Club Correcaminos, haciendo un llamado a la comunidad a unirse al apoyo del equipo<br>viviendo el deporte como una experiencia de convivencia y unidad entre la comunidad<br>universitaria, sus familias y la sociedad en su conjunto.<br>Durante todo el trayecto, se manifest\u00f3 el apoyo al equipo con banderas, camisetas y<br>porras, en una demostraci\u00f3n de orgullo por la camiseta naranja.<br>El ambiente festivo de la caravana se prolong\u00f3 dentro del Estadio Marte R. G\u00f3mez, donde<br>Correcaminos se enfrent\u00f3 a Tlaxcala en un partido que termin\u00f3 empatado a un gol.<br>Durante el medio tiempo, se cont\u00f3 con la presentaci\u00f3n de la banda de m\u00fasica y<br>bastoneras de la Escuela Preparatoria Mante de la UAT, as\u00ed como del grupo de animaci\u00f3n<br>de la Facultad de Derecho y Ciencias Sociales Victoria.<br>Los miles de asistentes en las tribunas le manifestaron todo su apoyo al equipo y una<br>respuesta de unidad y entusiasmo para el torneo clausura de la Liga de Expansi\u00f3n MX.<br>Los Correcaminos de la UAT se preparan para su pr\u00f3ximo desaf\u00edo en la jornada tres donde<br>enfrentar\u00e1n al Atl\u00e9tico La Paz el pr\u00f3ximo viernes 24 de enero, a las 21:00 horas, en el<br>Estadio Guaycura, en La Paz, Baja California Sur.<\/p>\n","protected":false},"excerpt":{"rendered":"<p>En un ambiente festivo y lleno de entusiasmo, el rector de la Universidad Aut\u00f3noma deTamaulipas&#8230;<\/p>\n","protected":false},"author":1,"featured_media":4491,"comment_status":"open","ping_status":"open","sticky":false,"template":"","format":"standard","meta":{"footnotes":""},"categories":[6,4],"tags":[],"class_list":["post-4490","post","type-post","status-publish","format-standard","has-post-thumbnail","hentry","category-deportes","category-educacion"],"_links":{"self":[{"href":"https:\/\/noticierotamaulipeco.info\/index.php?rest_route=\/wp\/v2\/posts\/4490","targetHints":{"allow":["GET"]}}],"collection":[{"href":"https:\/\/noticierotamaulipeco.info\/index.php?rest_route=\/wp\/v2\/posts"}],"about":[{"href":"https:\/\/noticierotamaulipeco.info\/index.php?rest_route=\/wp\/v2\/types\/post"}],"author":[{"embeddable":true,"href":"https:\/\/noticierotamaulipeco.info\/index.php?rest_route=\/wp\/v2\/users\/1"}],"replies":[{"embeddable":true,"href":"https:\/\/noticierotamaulipeco.info\/index.php?rest_route=%2Fwp%2Fv2%2Fcomments&post=4490"}],"version-history":[{"count":1,"href":"https:\/\/noticierotamaulipeco.info\/index.php?rest_route=\/wp\/v2\/posts\/4490\/revisions"}],"predecessor-version":[{"id":4492,"href":"https:\/\/noticierotamaulipeco.info\/index.php?rest_route=\/wp\/v2\/posts\/4490\/revisions\/4492"}],"wp:featuredmedia":[{"embeddable":true,"href":"https:\/\/noticierotamaulipeco.info\/index.php?rest_route=\/wp\/v2\/media\/4491"}],"wp:attachment":[{"href":"https:\/\/noticierotamaulipeco.info\/index.php?rest_route=%2Fwp%2Fv2%2Fmedia&parent=4490"}],"wp:term":[{"taxonomy":"category","embeddable":true,"href":"https:\/\/noticierotamaulipeco.info\/index.php?rest_route=%2Fwp%2Fv2%2Fcategories&post=4490"},{"taxonomy":"post_tag","embeddable":true,"href":"https:\/\/noticierotamaulipeco.info\/index.php?rest_route=%2Fwp%2Fv2%2Ftags&post=4490"}],"curies":[{"name":"wp","href":"https:\/\/api.w.org\/{rel}","templated":true}]}}