{"id":4603,"date":"2025-02-03T14:18:52","date_gmt":"2025-02-03T14:18:52","guid":{"rendered":"https:\/\/noticierotamaulipeco.info\/?p=4603"},"modified":"2025-02-04T14:19:34","modified_gmt":"2025-02-04T14:19:34","slug":"rector-de-la-uat-inaugura-las-jornadas-abrigando-corazones","status":"publish","type":"post","link":"https:\/\/noticierotamaulipeco.info\/?p=4603","title":{"rendered":"Rector de la UAT inaugura las jornadas \u201cAbrigando Corazones\u201d"},"content":{"rendered":"\n<p><br>El rector de la Universidad Aut\u00f3noma de Tamaulipas (UAT), D\u00e1maso Anaya Alvarado,<br>inaugur\u00f3 en el municipio de Jaumave las Jornadas Universitarias \u201cAbrigando Corazones\u201d,<br>un programa que la instituci\u00f3n llevar\u00e1 a comunidades de todo el estado en beneficio de<br>las familias m\u00e1s vulnerables.<br>El evento de apertura se desarroll\u00f3 en el COBAT-CEMSADET 30 de la comunidad rural Las<br>Compuertas, en donde el rector D\u00e1maso Anaya destac\u00f3 que la labor de la UAT no solo est\u00e1<br>centrada en la formaci\u00f3n acad\u00e9mica, sino tambi\u00e9n en contribuir al fortalecimiento del<br>tejido social.<br>Junto con su esposa Isolda Rend\u00f3n de Anaya, presidenta de Familia UAT, el rector<br>encabez\u00f3 la jornada acompa\u00f1ado por el presidente municipal de Jaumave, Manuel B\u00e1ez<br>Mart\u00ednez, en donde se hizo entrega de 1,120 cobijas y 420 despensas, distribuidas entre<br>las familias de esta comunidad, as\u00ed como de los ejidos Francisco Medrano (Las Pilas), San<br>Antonio y la Reforma.<br>Subray\u00f3 que, como universidad p\u00fablica, la UAT tiene la responsabilidad de retribuir a la<br>sociedad a trav\u00e9s de programas que generen impacto positivo en las comunidades,<br>consolidando a la casa de estudios como una instituci\u00f3n cercana y solidaria, con una<br>profunda vocaci\u00f3n humanista.<br>Anunci\u00f3 que estas jornadas continuar\u00e1n en distintos municipios del estado, reforzando el<br>compromiso de la UAT con el bienestar de Tamaulipas y asegurando que la universidad<br>siga presente en el desarrollo de la regi\u00f3n.<br>Por su parte, el alcalde Manuel B\u00e1ez Mart\u00ednez destac\u00f3 la importancia de la colaboraci\u00f3n<br>entre la UAT y los gobiernos municipales, resaltando que estas acciones reflejan su<br>compromiso con la poblaci\u00f3n tamaulipeca, llevando no solo apoyos materiales, sino<br>tambi\u00e9n oportunidades educativas y programas de impacto social.<br>Asimismo, agradeci\u00f3 al rector D\u00e1maso Anaya Alvarado y a la comunidad universitaria por<\/p>\n\n\n\n<p>elegir Jaumave como sede del evento inaugural, subrayando que este tipo de iniciativas<br>contribuyen a mejorar la calidad de vida de las familias y a fortalecer el sentido de<br>comunidad en la regi\u00f3n.<\/p>\n\n\n\n<p>El evento cont\u00f3 tambi\u00e9n con la participaci\u00f3n de la presidenta del DIF Jaumave, Yesenia<br>Huerta Abundis, y del director del COBAT-CEMSADET 30, Abundio Parre\u00f1o Luna, as\u00ed como<br>el representante de esta comunidad, Francisco Rodr\u00edguez.<br>Adem\u00e1s de la entrega de apoyos, las facultades y unidades acad\u00e9micas de la UAT<br>promovieron sus licenciaturas y cursos, y brindaron servicio social en \u00e1reas de la salud y<br>educaci\u00f3n, asesor\u00edas legales, servicios veterinarios y de reforestaci\u00f3n, as\u00ed como<br>actividades recreativas y de integraci\u00f3n para ni\u00f1os y j\u00f3venes, reafirmando su misi\u00f3n de<br>contribuir tanto al desarrollo acad\u00e9mico como al bienestar de la sociedad.<\/p>\n","protected":false},"excerpt":{"rendered":"<p>El rector de la Universidad Aut\u00f3noma de Tamaulipas (UAT), D\u00e1maso Anaya Alvarado,inaugur\u00f3 en el municipio&#8230;<\/p>\n","protected":false},"author":1,"featured_media":4604,"comment_status":"open","ping_status":"open","sticky":false,"template":"","format":"standard","meta":{"footnotes":""},"categories":[4],"tags":[],"class_list":["post-4603","post","type-post","status-publish","format-standard","has-post-thumbnail","hentry","category-educacion"],"_links":{"self":[{"href":"https:\/\/noticierotamaulipeco.info\/index.php?rest_route=\/wp\/v2\/posts\/4603","targetHints":{"allow":["GET"]}}],"collection":[{"href":"https:\/\/noticierotamaulipeco.info\/index.php?rest_route=\/wp\/v2\/posts"}],"about":[{"href":"https:\/\/noticierotamaulipeco.info\/index.php?rest_route=\/wp\/v2\/types\/post"}],"author":[{"embeddable":true,"href":"https:\/\/noticierotamaulipeco.info\/index.php?rest_route=\/wp\/v2\/users\/1"}],"replies":[{"embeddable":true,"href":"https:\/\/noticierotamaulipeco.info\/index.php?rest_route=%2Fwp%2Fv2%2Fcomments&post=4603"}],"version-history":[{"count":1,"href":"https:\/\/noticierotamaulipeco.info\/index.php?rest_route=\/wp\/v2\/posts\/4603\/revisions"}],"predecessor-version":[{"id":4605,"href":"https:\/\/noticierotamaulipeco.info\/index.php?rest_route=\/wp\/v2\/posts\/4603\/revisions\/4605"}],"wp:featuredmedia":[{"embeddable":true,"href":"https:\/\/noticierotamaulipeco.info\/index.php?rest_route=\/wp\/v2\/media\/4604"}],"wp:attachment":[{"href":"https:\/\/noticierotamaulipeco.info\/index.php?rest_route=%2Fwp%2Fv2%2Fmedia&parent=4603"}],"wp:term":[{"taxonomy":"category","embeddable":true,"href":"https:\/\/noticierotamaulipeco.info\/index.php?rest_route=%2Fwp%2Fv2%2Fcategories&post=4603"},{"taxonomy":"post_tag","embeddable":true,"href":"https:\/\/noticierotamaulipeco.info\/index.php?rest_route=%2Fwp%2Fv2%2Ftags&post=4603"}],"curies":[{"name":"wp","href":"https:\/\/api.w.org\/{rel}","templated":true}]}}