{"id":4652,"date":"2025-02-02T14:54:26","date_gmt":"2025-02-02T14:54:26","guid":{"rendered":"https:\/\/noticierotamaulipeco.info\/?p=4652"},"modified":"2025-02-10T14:54:50","modified_gmt":"2025-02-10T14:54:50","slug":"gloria-trevi-abandona-entrevista-tras-preguntas-incomodas-sobre-cirugias","status":"publish","type":"post","link":"https:\/\/noticierotamaulipeco.info\/?p=4652","title":{"rendered":"Gloria Trevi abandona entrevista tras preguntas inc\u00f3modas sobre cirug\u00edas"},"content":{"rendered":"\n<p><a href=\"https:\/\/laverdad.com.mx\/wp-content\/uploads\/2025\/01\/19gloria.webp\"><\/a><\/p>\n\n\n\n<p>Gloria Trevi, una de las figuras m\u00e1s ic\u00f3nicas de la m\u00fasica latina, protagoniz\u00f3 un tenso momento durante una entrevista con medios de comunicaci\u00f3n previo al inicio de su nueva gira.<\/p>\n\n\n\n<p>La cantante, conocida por su car\u00e1cter directo, respondi\u00f3 con firmeza a cuestionamientos sobre su apariencia f\u00edsica antes de finalizar abruptamente la conversaci\u00f3n.<\/p>\n\n\n\n<p>El incidente ocurri\u00f3 cuando un reportero formul\u00f3 una pregunta sobre sus cirug\u00edas est\u00e9ticas, acompa\u00f1ada del comentario: \u201ca tus 57 a\u00f1os\u2026\u201d. Aunque Gloria respondi\u00f3 inicialmente con humor, mencionando que su \u201csecreto\u201d para mantenerse joven es el \u201ccaldo de hueso en ayunas\u201d, el comentario incomod\u00f3 visiblemente a la cantante y a su equipo.<\/p>\n\n\n\n<p>Su publirrelacionista, Danna V\u00e1zquez, expres\u00f3 su molestia al calificar el comentario como una groser\u00eda. Trevi, por su parte, respondi\u00f3 con determinaci\u00f3n:<\/p>\n\n\n\n<p>\u201c\u00a1Que cada quien haga lo que se le hinche la gana con su cuerpo!\u201d<\/p>\n\n\n\n<p>Poco despu\u00e9s, decidi\u00f3 poner fin a la entrevista y se retir\u00f3 del lugar.<\/p>\n\n\n\n<p>El momento, captado en video por el periodista Ernesto Buitr\u00f3n, se viraliz\u00f3 r\u00e1pidamente en redes sociales, generando opiniones divididas. Algunos usuarios criticaron su reacci\u00f3n y su aspecto f\u00edsico, mientras otros la defendieron como un acto de empoderamiento.<\/p>\n","protected":false},"excerpt":{"rendered":"<p>Gloria Trevi, una de las figuras m\u00e1s ic\u00f3nicas de la m\u00fasica latina, protagoniz\u00f3 un tenso&#8230;<\/p>\n","protected":false},"author":1,"featured_media":4653,"comment_status":"open","ping_status":"open","sticky":false,"template":"","format":"standard","meta":{"footnotes":""},"categories":[7],"tags":[],"class_list":["post-4652","post","type-post","status-publish","format-standard","has-post-thumbnail","hentry","category-espectaculos"],"_links":{"self":[{"href":"https:\/\/noticierotamaulipeco.info\/index.php?rest_route=\/wp\/v2\/posts\/4652","targetHints":{"allow":["GET"]}}],"collection":[{"href":"https:\/\/noticierotamaulipeco.info\/index.php?rest_route=\/wp\/v2\/posts"}],"about":[{"href":"https:\/\/noticierotamaulipeco.info\/index.php?rest_route=\/wp\/v2\/types\/post"}],"author":[{"embeddable":true,"href":"https:\/\/noticierotamaulipeco.info\/index.php?rest_route=\/wp\/v2\/users\/1"}],"replies":[{"embeddable":true,"href":"https:\/\/noticierotamaulipeco.info\/index.php?rest_route=%2Fwp%2Fv2%2Fcomments&post=4652"}],"version-history":[{"count":1,"href":"https:\/\/noticierotamaulipeco.info\/index.php?rest_route=\/wp\/v2\/posts\/4652\/revisions"}],"predecessor-version":[{"id":4654,"href":"https:\/\/noticierotamaulipeco.info\/index.php?rest_route=\/wp\/v2\/posts\/4652\/revisions\/4654"}],"wp:featuredmedia":[{"embeddable":true,"href":"https:\/\/noticierotamaulipeco.info\/index.php?rest_route=\/wp\/v2\/media\/4653"}],"wp:attachment":[{"href":"https:\/\/noticierotamaulipeco.info\/index.php?rest_route=%2Fwp%2Fv2%2Fmedia&parent=4652"}],"wp:term":[{"taxonomy":"category","embeddable":true,"href":"https:\/\/noticierotamaulipeco.info\/index.php?rest_route=%2Fwp%2Fv2%2Fcategories&post=4652"},{"taxonomy":"post_tag","embeddable":true,"href":"https:\/\/noticierotamaulipeco.info\/index.php?rest_route=%2Fwp%2Fv2%2Ftags&post=4652"}],"curies":[{"name":"wp","href":"https:\/\/api.w.org\/{rel}","templated":true}]}}