{"id":4691,"date":"2025-02-15T14:14:42","date_gmt":"2025-02-15T14:14:42","guid":{"rendered":"https:\/\/noticierotamaulipeco.info\/?p=4691"},"modified":"2025-02-17T01:27:40","modified_gmt":"2025-02-17T01:27:40","slug":"capacita-universidad-tecnologica-de-tamaulipas-norte-a-maquiladora-sobre-inclusion-laboral-de-personas-con-autismo","status":"publish","type":"post","link":"https:\/\/noticierotamaulipeco.info\/?p=4691","title":{"rendered":"Capacita Universidad Tecnol\u00f3gica de Tamaulipas Norte a maquiladora sobre inclusi\u00f3n laboral de personas con autismo"},"content":{"rendered":"\n<p>UTT-005-2025<\/p>\n\n\n\n<p>Febrero 15 de 2025<\/p>\n\n\n\n<p>Reynosa, Tamaulipas.\u2013 La Universidad Tecnol\u00f3gica de Tamaulipas Norte (UTTN), a trav\u00e9s del Departamento de Inclusi\u00f3n y Equidad Educativa, imparti\u00f3 la conferencia \u201cEstrategias de Atenci\u00f3n para Personas con Trastornos del Espectro Autista (TEA)\u201d al personal de la empresa Emerson, inform\u00f3 su rector, Edgar Garza Hern\u00e1ndez.<\/p>\n\n\n\n<p>Destac\u00f3 que el objetivo de esta conferencia fue concienciar y capacitar a las y los colaboradores de la empresa en torno a las mejores pr\u00e1cticas para la inclusi\u00f3n de personas con TEA, en particular de alumnas, alumnos y egresados de esta universidad, facilitando su integraci\u00f3n exitosa en el \u00e1mbito laboral.<\/p>\n\n\n\n<p>\u201cEl respeto, la empat\u00eda y la convivencia positiva son pilares fundamentales en la construcci\u00f3n de entornos de trabajo inclusivos y colaborativos. En esta conferencia se abordaron estrategias pr\u00e1cticas para la adaptaci\u00f3n de procesos laborales y la creaci\u00f3n de espacios que valoren la diversidad y fortalezcan el trabajo en equipo\u201d, precis\u00f3 el rector.<\/p>\n\n\n\n<p>Subray\u00f3 que, con este tipo de acciones, la UTTN reafirma su compromiso con la educaci\u00f3n inclusiva y el desarrollo de iniciativas que garanticen la igualdad de oportunidades para toda su comunidad estudiantil, promoviendo su pleno desarrollo profesional.<\/p>\n\n\n\n<p>Estas iniciativas, est\u00e1n en l\u00ednea con las pol\u00edticas de inclusi\u00f3n y respeto impulsadas por el Gobierno de Tamaulipas, liderado por Am\u00e9rico Villarreal Anaya, que a trav\u00e9s de la Secretar\u00eda de Educaci\u00f3n en la entidad, bajo la conducci\u00f3n de Luc\u00eda Aim\u00e9 Castillo Pastor, se fomentan en todos los niveles educativos.<\/p>\n","protected":false},"excerpt":{"rendered":"<p>UTT-005-2025 Febrero 15 de 2025 Reynosa, Tamaulipas.\u2013 La Universidad Tecnol\u00f3gica de Tamaulipas Norte (UTTN), a&#8230;<\/p>\n","protected":false},"author":1,"featured_media":4692,"comment_status":"open","ping_status":"open","sticky":false,"template":"","format":"standard","meta":{"footnotes":""},"categories":[2],"tags":[],"class_list":["post-4691","post","type-post","status-publish","format-standard","has-post-thumbnail","hentry","category-tamaulipas"],"_links":{"self":[{"href":"https:\/\/noticierotamaulipeco.info\/index.php?rest_route=\/wp\/v2\/posts\/4691","targetHints":{"allow":["GET"]}}],"collection":[{"href":"https:\/\/noticierotamaulipeco.info\/index.php?rest_route=\/wp\/v2\/posts"}],"about":[{"href":"https:\/\/noticierotamaulipeco.info\/index.php?rest_route=\/wp\/v2\/types\/post"}],"author":[{"embeddable":true,"href":"https:\/\/noticierotamaulipeco.info\/index.php?rest_route=\/wp\/v2\/users\/1"}],"replies":[{"embeddable":true,"href":"https:\/\/noticierotamaulipeco.info\/index.php?rest_route=%2Fwp%2Fv2%2Fcomments&post=4691"}],"version-history":[{"count":1,"href":"https:\/\/noticierotamaulipeco.info\/index.php?rest_route=\/wp\/v2\/posts\/4691\/revisions"}],"predecessor-version":[{"id":4693,"href":"https:\/\/noticierotamaulipeco.info\/index.php?rest_route=\/wp\/v2\/posts\/4691\/revisions\/4693"}],"wp:featuredmedia":[{"embeddable":true,"href":"https:\/\/noticierotamaulipeco.info\/index.php?rest_route=\/wp\/v2\/media\/4692"}],"wp:attachment":[{"href":"https:\/\/noticierotamaulipeco.info\/index.php?rest_route=%2Fwp%2Fv2%2Fmedia&parent=4691"}],"wp:term":[{"taxonomy":"category","embeddable":true,"href":"https:\/\/noticierotamaulipeco.info\/index.php?rest_route=%2Fwp%2Fv2%2Fcategories&post=4691"},{"taxonomy":"post_tag","embeddable":true,"href":"https:\/\/noticierotamaulipeco.info\/index.php?rest_route=%2Fwp%2Fv2%2Ftags&post=4691"}],"curies":[{"name":"wp","href":"https:\/\/api.w.org\/{rel}","templated":true}]}}