{"id":4709,"date":"2025-02-17T02:00:50","date_gmt":"2025-02-17T02:00:50","guid":{"rendered":"https:\/\/noticierotamaulipeco.info\/?p=4709"},"modified":"2025-02-17T02:00:51","modified_gmt":"2025-02-17T02:00:51","slug":"avanzan-acciones-para-atraer-mas-inversion-y-desarrollo-a-playa-miramar","status":"publish","type":"post","link":"https:\/\/noticierotamaulipeco.info\/?p=4709","title":{"rendered":"Avanzan acciones para atraer m\u00e1s inversi\u00f3n y desarrollo a Playa Miramar"},"content":{"rendered":"\n<p>-Turismo Federal, FONATUR, Turismo Tamaulipas y el municipio de Madero<\/p>\n\n\n\n<p>STU-015-2025<\/p>\n\n\n\n<p>Febrero 17 de 2025<\/p>\n\n\n\n<p>Ciudad Madero, Tamaulipas.- Con el objetivo de que fluya m\u00e1s inversi\u00f3n, infraestructura y desarrollo tur\u00edstico, autoridades de los tres niveles trabajan en la delimitaci\u00f3n de la Zona Federal Mar\u00edtima Terrestre de Playa Miramar cumpliendo con la normativa vigente.<\/p>\n\n\n\n<p>Benjam\u00edn Hern\u00e1ndez Rodr\u00edguez, secretario de Turismo en el estado se\u00f1al\u00f3 que uniendo esfuerzos se realiz\u00f3 una nueva reuni\u00f3n en las oficinas del Centro de Atenci\u00f3n y Protecci\u00f3n al Turista de Playa Miramar (CAPTA).<\/p>\n\n\n\n<p>\u201cEl proyecto convertir\u00e1 a Playa Miramar en un destino tur\u00edstico l\u00edder en M\u00e9xico, por medio de un Plan Maestro de Reordenamiento, la mejora de la infraestructura y los servicios tur\u00edsticos, as\u00ed como la promoci\u00f3n del destino a nivel nacional e internacional\u201d, explic\u00f3.<\/p>\n\n\n\n<p>Dijo que esta iniciativa, generar\u00e1 un marco legal s\u00f3lido para atraer inversi\u00f3n y desarrollo a Playa Miramar.<\/p>\n\n\n\n<p>\u201cEsta transformaci\u00f3n que impulsa nuestro gobernador, Am\u00e9rico Villarreal Anaya se est\u00e1 convirtiendo en una realidad y cada d\u00eda avanzamos hacia un futuro m\u00e1s pr\u00f3spero para todos\u201d, se\u00f1al\u00f3.<\/p>\n\n\n\n<p>En la reuni\u00f3n participaron Rodrigo Cerda Cornejo, director general de Planeaci\u00f3n de la Secretar\u00eda de Turismo de M\u00e9xico; Reyna Caraveo, directora de Pol\u00edtica Intersectorial de SECTUR y Karina Sald\u00edvar Lartigue, secretaria de Desarrollo Urbano y Medio Ambiente de Tamaulipas, entre otros m\u00e1s.<\/p>\n","protected":false},"excerpt":{"rendered":"<p>-Turismo Federal, FONATUR, Turismo Tamaulipas y el municipio de Madero STU-015-2025 Febrero 17 de 2025&#8230;<\/p>\n","protected":false},"author":1,"featured_media":4710,"comment_status":"open","ping_status":"open","sticky":false,"template":"","format":"standard","meta":{"footnotes":""},"categories":[2],"tags":[],"class_list":["post-4709","post","type-post","status-publish","format-standard","has-post-thumbnail","hentry","category-tamaulipas"],"_links":{"self":[{"href":"https:\/\/noticierotamaulipeco.info\/index.php?rest_route=\/wp\/v2\/posts\/4709","targetHints":{"allow":["GET"]}}],"collection":[{"href":"https:\/\/noticierotamaulipeco.info\/index.php?rest_route=\/wp\/v2\/posts"}],"about":[{"href":"https:\/\/noticierotamaulipeco.info\/index.php?rest_route=\/wp\/v2\/types\/post"}],"author":[{"embeddable":true,"href":"https:\/\/noticierotamaulipeco.info\/index.php?rest_route=\/wp\/v2\/users\/1"}],"replies":[{"embeddable":true,"href":"https:\/\/noticierotamaulipeco.info\/index.php?rest_route=%2Fwp%2Fv2%2Fcomments&post=4709"}],"version-history":[{"count":1,"href":"https:\/\/noticierotamaulipeco.info\/index.php?rest_route=\/wp\/v2\/posts\/4709\/revisions"}],"predecessor-version":[{"id":4711,"href":"https:\/\/noticierotamaulipeco.info\/index.php?rest_route=\/wp\/v2\/posts\/4709\/revisions\/4711"}],"wp:featuredmedia":[{"embeddable":true,"href":"https:\/\/noticierotamaulipeco.info\/index.php?rest_route=\/wp\/v2\/media\/4710"}],"wp:attachment":[{"href":"https:\/\/noticierotamaulipeco.info\/index.php?rest_route=%2Fwp%2Fv2%2Fmedia&parent=4709"}],"wp:term":[{"taxonomy":"category","embeddable":true,"href":"https:\/\/noticierotamaulipeco.info\/index.php?rest_route=%2Fwp%2Fv2%2Fcategories&post=4709"},{"taxonomy":"post_tag","embeddable":true,"href":"https:\/\/noticierotamaulipeco.info\/index.php?rest_route=%2Fwp%2Fv2%2Ftags&post=4709"}],"curies":[{"name":"wp","href":"https:\/\/api.w.org\/{rel}","templated":true}]}}