{"id":4804,"date":"2025-02-27T20:21:56","date_gmt":"2025-02-27T20:21:56","guid":{"rendered":"https:\/\/noticierotamaulipeco.info\/?p=4804"},"modified":"2025-03-01T20:22:19","modified_gmt":"2025-03-01T20:22:19","slug":"refuerzan-lucha-contra-el-dengue-en-zona-conurbada","status":"publish","type":"post","link":"https:\/\/noticierotamaulipeco.info\/?p=4804","title":{"rendered":"Refuerzan lucha contra el dengue en zona conurbada"},"content":{"rendered":"\n<p>Febrero 27 de 2025<\/p>\n\n\n\n<p>Ciudad Victoria, Tamaulipas.- El gobernador Am\u00e9rico Villarreal Anaya expres\u00f3 todo su respaldo a la Secretar\u00eda de Salud y reiter\u00f3 que no se escatimar\u00e1n recursos para la puesta en marcha en Tamaulipas del Plan Anual Contra el Dengue 2025, a fin de intensificar las tareas de prevenci\u00f3n y reducir la incidencia de esta enfermedad.<\/p>\n\n\n\n<p>Durante una reuni\u00f3n en la que el secretario de Salud, Vicente Joel Hern\u00e1ndez Navarro, present\u00f3 la \u00abEstrategia de prevenci\u00f3n y control del dengue\u00bb, el mandatario tamaulipeco asegur\u00f3 que el Estado cuenta con los procedimientos y conocimientos para responder ante esta condici\u00f3n c\u00edclica.<\/p>\n\n\n\n<p>\u00abEn salud sabemos lo que tenemos que hacer y no se escatimar\u00e1n recursos\u00bb, expres\u00f3.<\/p>\n\n\n\n<p>Villarreal Anaya destac\u00f3 la importancia de contar en este tipo de acciones con una sociedad participativa y colaborativa, adem\u00e1s de incorporar la participaci\u00f3n integral de los gobiernos municipales, ya que la suma de esfuerzos es fundamental para evitar la propagaci\u00f3n del dengue.<\/p>\n\n\n\n<p>Durante la reuni\u00f3n de trabajo, el secretario de Salud expuso la situaci\u00f3n actual del dengue en Tamaulipas y las acciones que se han venido implementando para poder atender y evitar que se incremente la propagaci\u00f3n de la enfermedad.<\/p>\n\n\n\n<p>Hern\u00e1ndez Navarro explic\u00f3 que en las \u00e1reas \u00abrojas\u00bb, consideradas en la zona sur del estado, se lleva un 35 por ciento de avance en las tareas de abatizaci\u00f3n, a fin de impedir que se disperse el mosquito transmisor, adem\u00e1s de que ya se realiz\u00f3 la primera de cinco rondas de fumigaci\u00f3n que se realizar\u00e1n en esa regi\u00f3n.<\/p>\n\n\n\n<p>Asimismo, se presentaron las recomendaciones por parte del Centro Nacional de Programas Preventivos y Control de Enfermedades (CENAPRECE), entre otras: Delimitar las \u00e1reas de riesgo, de acuerdo con los casos probables de las \u00faltimas cinco semanas para el control larvario y la nebulizaci\u00f3n con maquinaria pesada.<\/p>\n\n\n\n<p>Actualizar equipos y generar la georreferenciaci\u00f3n de casos en las plataformas de vectores; realizar un estudio epidemiol\u00f3gico en las \u00e1reas de mayor concentraci\u00f3n poblacional; continuar con las campa\u00f1as de eliminaci\u00f3n de criaderos; aplicar c\u00e9dulas de supervisi\u00f3n e implementar brigadas fijas en \u00e1reas de transmisi\u00f3n del dengue.<\/p>\n\n\n\n<p>En esta reuni\u00f3n tambi\u00e9n participaron: Rembrandt Reyes N\u00e1jera, subsecretario de Promoci\u00f3n de la Salud; Ra\u00fal Huidobro Guevara, coordinador Estatal de Salud P\u00fablica; Sergio Uriegas Camargo, director de Epidemiolog\u00eda y Mario Rebolledo, titular de la Comisi\u00f3n Estatal Para la Protecci\u00f3n Contra Riesgos Sanitarios (COEPRIS).<\/p>\n","protected":false},"excerpt":{"rendered":"<p>Febrero 27 de 2025 Ciudad Victoria, Tamaulipas.- El gobernador Am\u00e9rico Villarreal Anaya expres\u00f3 todo su&#8230;<\/p>\n","protected":false},"author":1,"featured_media":4805,"comment_status":"open","ping_status":"open","sticky":false,"template":"","format":"standard","meta":{"footnotes":""},"categories":[2],"tags":[],"class_list":["post-4804","post","type-post","status-publish","format-standard","has-post-thumbnail","hentry","category-tamaulipas"],"_links":{"self":[{"href":"https:\/\/noticierotamaulipeco.info\/index.php?rest_route=\/wp\/v2\/posts\/4804","targetHints":{"allow":["GET"]}}],"collection":[{"href":"https:\/\/noticierotamaulipeco.info\/index.php?rest_route=\/wp\/v2\/posts"}],"about":[{"href":"https:\/\/noticierotamaulipeco.info\/index.php?rest_route=\/wp\/v2\/types\/post"}],"author":[{"embeddable":true,"href":"https:\/\/noticierotamaulipeco.info\/index.php?rest_route=\/wp\/v2\/users\/1"}],"replies":[{"embeddable":true,"href":"https:\/\/noticierotamaulipeco.info\/index.php?rest_route=%2Fwp%2Fv2%2Fcomments&post=4804"}],"version-history":[{"count":1,"href":"https:\/\/noticierotamaulipeco.info\/index.php?rest_route=\/wp\/v2\/posts\/4804\/revisions"}],"predecessor-version":[{"id":4806,"href":"https:\/\/noticierotamaulipeco.info\/index.php?rest_route=\/wp\/v2\/posts\/4804\/revisions\/4806"}],"wp:featuredmedia":[{"embeddable":true,"href":"https:\/\/noticierotamaulipeco.info\/index.php?rest_route=\/wp\/v2\/media\/4805"}],"wp:attachment":[{"href":"https:\/\/noticierotamaulipeco.info\/index.php?rest_route=%2Fwp%2Fv2%2Fmedia&parent=4804"}],"wp:term":[{"taxonomy":"category","embeddable":true,"href":"https:\/\/noticierotamaulipeco.info\/index.php?rest_route=%2Fwp%2Fv2%2Fcategories&post=4804"},{"taxonomy":"post_tag","embeddable":true,"href":"https:\/\/noticierotamaulipeco.info\/index.php?rest_route=%2Fwp%2Fv2%2Ftags&post=4804"}],"curies":[{"name":"wp","href":"https:\/\/api.w.org\/{rel}","templated":true}]}}