{"id":4832,"date":"2025-03-03T18:43:44","date_gmt":"2025-03-03T18:43:44","guid":{"rendered":"https:\/\/noticierotamaulipeco.info\/?p=4832"},"modified":"2025-03-04T18:44:05","modified_gmt":"2025-03-04T18:44:05","slug":"estoy-del-lado-de-ustedes-americo-villarreal-a-representantes-ejidales-de-llera","status":"publish","type":"post","link":"https:\/\/noticierotamaulipeco.info\/?p=4832","title":{"rendered":"\u201cEstoy del lado de ustedes\u201d: Am\u00e9rico Villarreal a representantes ejidales de Llera"},"content":{"rendered":"\n<p>-Gobernador de Tamaulipas respalda a familias afectadas por una empresa e\u00f3lica que incumple contrato suscrito<\/p>\n\n\n\n<p>053-2025<\/p>\n\n\n\n<p>Marzo 03 de 2025<\/p>\n\n\n\n<p>Ciudad Victoria, Tamaulipas. \u2013 El gobernador Am\u00e9rico Villarreal Anaya ratific\u00f3 su compromiso de brindar acompa\u00f1amiento jur\u00eddico y todo el respaldo legal del Gobierno de Tamaulipas a las familias que exigen el cumplimiento de un contrato suscrito con la empresa que opera el parque e\u00f3lico ubicado en el municipio de Llera.<\/p>\n\n\n\n<p>\u201cYo les reitero que van a contar con el acompa\u00f1amiento legal en esta lucha que han iniciado. A nosotros nos interesa el bienestar de nuestra gente, no de la empresa. Yo estoy del lado de ustedes\u201d, afirm\u00f3 el gobernador al recibir en Palacio de Gobierno a los representantes de las comunidades ejidales Pedro Jos\u00e9 M\u00e9ndez, Emiliano Zapata y Compuertas, del municipio de Llera.<\/p>\n\n\n\n<p>Puntualiz\u00f3 que el Gobierno de Tamaulipas, respalda la situaci\u00f3n social y participa en esa postura con las y los representantes ejidales, y en caso de que se deba judicializar, se llevar\u00e1 a un tribunal para ver a qui\u00e9n le asiste la raz\u00f3n, ello durante la reuni\u00f3n en la que tambi\u00e9n particip\u00f3 el secretario general de Gobierno, H\u00e9ctor Joel Villegas Gonz\u00e1lez, y los representantes ejidales encabezados por Guillermo Flores Medina.<\/p>\n\n\n\n<p>\u201cES UN GOBIERNO DE VERDAD HUMANISTA\u201d<\/p>\n\n\n\n<p>Al t\u00e9rmino de la reuni\u00f3n y al exponer ante sus compa\u00f1eros los resultados del di\u00e1logo con el gobernador, el representante de los ejidatarios, Guillermo Flores Medina, expres\u00f3 su reconocimiento a la postura de Am\u00e9rico Villarreal: \u201cEs un gobierno de verdad humanista, nos da el espacio y nos da la confianza\u201d, reiter\u00f3.<\/p>\n\n\n\n<p>Asimismo, dio a conocer que se lleg\u00f3 al acuerdo de elaborar un proyecto de demanda que se presentar\u00e1 ante los tribunales por incumplimiento de contrato contra la empresa que opera el parque de energ\u00eda e\u00f3lica.<\/p>\n\n\n\n<p>\u201cLa empresa est\u00e1 negada a cumplir y el Gobierno del Estado est\u00e1 dispuesto al 100% a seguir caminando junto con nosotros. Es un problema que no es del gobierno, pero aun as\u00ed nos est\u00e1 ofreciendo toda la asesor\u00eda jur\u00eddica y legal para iniciar una demanda de juicio\u201d, explic\u00f3.<\/p>\n\n\n\n<p>Agreg\u00f3 que, con la intervenci\u00f3n del secretario de Energ\u00eda, Jos\u00e9 Ram\u00f3n Silva Arizabalo, el problema ya fue expuesto ante instancias del Gobierno Federal en la Ciudad de M\u00e9xico.<\/p>\n","protected":false},"excerpt":{"rendered":"<p>-Gobernador de Tamaulipas respalda a familias afectadas por una empresa e\u00f3lica que incumple contrato suscrito&#8230;<\/p>\n","protected":false},"author":1,"featured_media":4833,"comment_status":"open","ping_status":"open","sticky":false,"template":"","format":"standard","meta":{"footnotes":""},"categories":[2],"tags":[],"class_list":["post-4832","post","type-post","status-publish","format-standard","has-post-thumbnail","hentry","category-tamaulipas"],"_links":{"self":[{"href":"https:\/\/noticierotamaulipeco.info\/index.php?rest_route=\/wp\/v2\/posts\/4832","targetHints":{"allow":["GET"]}}],"collection":[{"href":"https:\/\/noticierotamaulipeco.info\/index.php?rest_route=\/wp\/v2\/posts"}],"about":[{"href":"https:\/\/noticierotamaulipeco.info\/index.php?rest_route=\/wp\/v2\/types\/post"}],"author":[{"embeddable":true,"href":"https:\/\/noticierotamaulipeco.info\/index.php?rest_route=\/wp\/v2\/users\/1"}],"replies":[{"embeddable":true,"href":"https:\/\/noticierotamaulipeco.info\/index.php?rest_route=%2Fwp%2Fv2%2Fcomments&post=4832"}],"version-history":[{"count":1,"href":"https:\/\/noticierotamaulipeco.info\/index.php?rest_route=\/wp\/v2\/posts\/4832\/revisions"}],"predecessor-version":[{"id":4834,"href":"https:\/\/noticierotamaulipeco.info\/index.php?rest_route=\/wp\/v2\/posts\/4832\/revisions\/4834"}],"wp:featuredmedia":[{"embeddable":true,"href":"https:\/\/noticierotamaulipeco.info\/index.php?rest_route=\/wp\/v2\/media\/4833"}],"wp:attachment":[{"href":"https:\/\/noticierotamaulipeco.info\/index.php?rest_route=%2Fwp%2Fv2%2Fmedia&parent=4832"}],"wp:term":[{"taxonomy":"category","embeddable":true,"href":"https:\/\/noticierotamaulipeco.info\/index.php?rest_route=%2Fwp%2Fv2%2Fcategories&post=4832"},{"taxonomy":"post_tag","embeddable":true,"href":"https:\/\/noticierotamaulipeco.info\/index.php?rest_route=%2Fwp%2Fv2%2Ftags&post=4832"}],"curies":[{"name":"wp","href":"https:\/\/api.w.org\/{rel}","templated":true}]}}