{"id":4835,"date":"2025-03-04T18:44:41","date_gmt":"2025-03-04T18:44:41","guid":{"rendered":"https:\/\/noticierotamaulipeco.info\/?p=4835"},"modified":"2025-03-04T18:44:42","modified_gmt":"2025-03-04T18:44:42","slug":"afinan-detalles-seduma-y-banobras-del-proyecto-del-brt-en-la-zona-conurbada","status":"publish","type":"post","link":"https:\/\/noticierotamaulipeco.info\/?p=4835","title":{"rendered":"Afinan detalles SEDUMA y BANOBRAS\u00a0del proyecto del BRT en la zona conurbada"},"content":{"rendered":"\n<p>-Representantes del Banco Nacional de Obras y Servicios P\u00fablicos realizaron un recorrido por las principales zonas donde operar\u00e1 este nuevo sistema de transporte colectivo en los municipios de Tampico, Ciudad Madero y Altamira<\/p>\n\n\n\n<p>SDU-018-2025<\/p>\n\n\n\n<p>Marzo 04 de 2025<\/p>\n\n\n\n<p>Tampico, Tamaulipas.- Con el objetivo de evaluar los avances del Sistema Integrado de Transporte en la Zona Conurbada de Tamaulipas, la secretaria de Desarrollo Urbano y Medio Ambiente (SEDUMA), Karina Lizeth S\u00e1ldivar Lartigue, encabez\u00f3 una reuni\u00f3n con representantes del Banco Nacional de Obras y Servicios P\u00fablicos (BANOBRAS). Durante el encuentro, se analizaron aspectos clave del proyecto Bus Rapid Transit (BRT) y se realiz\u00f3 un recorrido por las principales \u00e1reas de influencia en los municipios participantes.<\/p>\n\n\n\n<p>Uno de los puntos fundamentales de la reuni\u00f3n fue la evaluaci\u00f3n de los criterios necesarios para la asignaci\u00f3n del apoyo no recuperable por parte de BANOBRAS, as\u00ed como el an\u00e1lisis de la demanda inducida que generar\u00eda el proyecto, \u00abeste sistema permitir\u00e1 ampliar las oportunidades de empleo y educaci\u00f3n para los habitantes de Pueblo Viejo y P\u00e1nuco, conectandose de una manera mas eficiente con el sur de Tamaulipas\u00bb, destac\u00f3 S\u00e1ldivar Lartigue.<\/p>\n\n\n\n<p>En la sesi\u00f3n tambi\u00e9n se revisaron los puntos de interconexi\u00f3n, as\u00ed como las soluciones t\u00e9cnicas implementadas en las vialidades que funcionar\u00e1n como pares viales para el tr\u00e1nsito de los autobuses.<\/p>\n\n\n\n<p>El proyecto BRT est\u00e1 dise\u00f1ado para atender a los y los pasajeros conectando desde el r\u00edo P\u00e1nuco en el Paso del Humo hasta 500 metros antes de El Barquito, en Altamira. Su prop\u00f3sito es optimizar la movilidad urbana con un transporte p\u00fablico moderno, seguro y sustentable.<\/p>\n\n\n\n<p>Durante la reuni\u00f3n, en la que participaron el director de Proyectos de Transporte de BANOBRAS, Fernando Tehuintle Basa\u00f1ez; el titular de la Gerencia de Evaluaci\u00f3n Financiera, Carlos Mondrag\u00f3n Valdez; el director general de Model\u00edstica, Arturo N\u00fa\u00f1ez, y la subgerente de Proyectos de FONADIN, Dulce Hern\u00e1ndez, se presentaron tambi\u00e9n los avances y&nbsp; la planificaci\u00f3n del sistema.<\/p>\n\n\n\n<p>La titular de SEDUMA subray\u00f3 la importancia del trabajo coordinado entre el Gobierno Federal y el Gobierno de Tamaulipas para consolidar proyectos estrat\u00e9gicos como el BRT, para garantizar un sistema eficiente que transforme la movilidad en Tampico, Ciudad Madero y Altamira.<\/p>\n\n\n\n<p>El plan de transporte contempla la reconfiguraci\u00f3n de rutas para alimentar las estaciones del carril confinado y mejorar la conectividad de los usuarios. Adem\u00e1s, se est\u00e1n ajustando aspectos de infraestructura y log\u00edstica para garantizar un servicio c\u00f3modo, eficiente y ecol\u00f3gico.<\/p>\n\n\n\n<p>En la sesi\u00f3n tambi\u00e9n estuvieron presentes el subsecretario de Desarrollo Urbano de SEDUMA, Fernando Daniel P\u00e1ez Su\u00e1rez; la directora general del IMEPLAN, Mar\u00eda Silvia Montalvo Tello; el director de Planeaci\u00f3n Territorial y Movilidad Urbana del IMEPLAN, Alberto Lozano Ferral, y el subdirector de Movilidad Urbana de SEDUMA, Daniel Mel\u00e9ndez Garc\u00eda.<\/p>\n\n\n\n<p>Estas reuniones forman parte del esfuerzo conjunto entre autoridades federales y estatales para consolidar el proyecto, con la meta de transformar el transporte en la regi\u00f3n y mejorar la calidad de vida de la poblaci\u00f3n.<\/p>\n","protected":false},"excerpt":{"rendered":"<p>-Representantes del Banco Nacional de Obras y Servicios P\u00fablicos realizaron un recorrido por las principales&#8230;<\/p>\n","protected":false},"author":1,"featured_media":4836,"comment_status":"open","ping_status":"open","sticky":false,"template":"","format":"standard","meta":{"footnotes":""},"categories":[2],"tags":[],"class_list":["post-4835","post","type-post","status-publish","format-standard","has-post-thumbnail","hentry","category-tamaulipas"],"_links":{"self":[{"href":"https:\/\/noticierotamaulipeco.info\/index.php?rest_route=\/wp\/v2\/posts\/4835","targetHints":{"allow":["GET"]}}],"collection":[{"href":"https:\/\/noticierotamaulipeco.info\/index.php?rest_route=\/wp\/v2\/posts"}],"about":[{"href":"https:\/\/noticierotamaulipeco.info\/index.php?rest_route=\/wp\/v2\/types\/post"}],"author":[{"embeddable":true,"href":"https:\/\/noticierotamaulipeco.info\/index.php?rest_route=\/wp\/v2\/users\/1"}],"replies":[{"embeddable":true,"href":"https:\/\/noticierotamaulipeco.info\/index.php?rest_route=%2Fwp%2Fv2%2Fcomments&post=4835"}],"version-history":[{"count":1,"href":"https:\/\/noticierotamaulipeco.info\/index.php?rest_route=\/wp\/v2\/posts\/4835\/revisions"}],"predecessor-version":[{"id":4837,"href":"https:\/\/noticierotamaulipeco.info\/index.php?rest_route=\/wp\/v2\/posts\/4835\/revisions\/4837"}],"wp:featuredmedia":[{"embeddable":true,"href":"https:\/\/noticierotamaulipeco.info\/index.php?rest_route=\/wp\/v2\/media\/4836"}],"wp:attachment":[{"href":"https:\/\/noticierotamaulipeco.info\/index.php?rest_route=%2Fwp%2Fv2%2Fmedia&parent=4835"}],"wp:term":[{"taxonomy":"category","embeddable":true,"href":"https:\/\/noticierotamaulipeco.info\/index.php?rest_route=%2Fwp%2Fv2%2Fcategories&post=4835"},{"taxonomy":"post_tag","embeddable":true,"href":"https:\/\/noticierotamaulipeco.info\/index.php?rest_route=%2Fwp%2Fv2%2Ftags&post=4835"}],"curies":[{"name":"wp","href":"https:\/\/api.w.org\/{rel}","templated":true}]}}