{"id":4977,"date":"2025-03-28T18:42:25","date_gmt":"2025-03-28T18:42:25","guid":{"rendered":"https:\/\/noticierotamaulipeco.info\/?p=4977"},"modified":"2025-04-01T18:42:49","modified_gmt":"2025-04-01T18:42:49","slug":"hasta-el-martes-primero-de-abril-se-restablecera-servicio-educativo-en-reynosa-set","status":"publish","type":"post","link":"https:\/\/noticierotamaulipeco.info\/?p=4977","title":{"rendered":"Hasta el martes primero de abril se restablecer\u00e1 servicio educativo en Reynosa: SET"},"content":{"rendered":"\n<p><a href=\"https:\/\/laverdad.com.mx\/wp-content\/uploads\/2025\/03\/28lucia.jpg\"><\/a><\/p>\n\n\n\n<p>Reynosa, Tamaulipas.- La secretaria de Educaci\u00f3n de Tamaulipas, Luc\u00eda Aim\u00e9 Castillo Pastor, inform\u00f3 que con el objetivo de evaluar las condiciones de la infraestructura educativa para iniciar la limpieza y organizaci\u00f3n de los planteles, y a la vez dar oportunidad a que las y los trabajadores de la educaci\u00f3n, as\u00ed como las familias de las ni\u00f1as, los ni\u00f1os y j\u00f3venes atiendan las diferentes problem\u00e1ticas generadas en sus hogares como consecuencia de las lluvias, se decidi\u00f3 que en el municipio de Reynosa, el servicio educativo ser\u00e1 restablecido hasta el martes primero de abril.<\/p>\n\n\n\n<p>En el caso de los municipios de Miguel Alem\u00e1n, Gustavo D\u00edaz Ordaz, Matamoros, Camargo y R\u00edo Bravo el servicio se reestablece el lunes 31 de marzo, siempre y cuando existan las condiciones para la protecci\u00f3n y el cuidado integral de la comunidad escolar, se cuente con servicios de agua potable y de energ\u00eda el\u00e9ctrica, y se realicen las labores de limpieza de los inmuebles.<\/p>\n\n\n\n<p>Castillo Pastor refiri\u00f3 que las y los maestros en sus distintas funciones y niveles educativos, actuaron con gran responsabilidad, privilegiando el cuidado y la protecci\u00f3n de ni\u00f1as, ni\u00f1os y j\u00f3venes, y se\u00f1al\u00f3 \u201cque es necesario hacer extensivo y p\u00fablico el reconocimiento y el agradecimiento del se\u00f1or gobernador y de la sociedad tamaulipeca a las y los compa\u00f1eros jefes de sector, supervisores, directivos, docentes y personal de apoyo, quienes en todo momento, estuvieron resguardando la integridad f\u00edsica de los estudiantes y de sus compa\u00f1eros, informaron sobre las diferentes problem\u00e1ticas a sus superiores y a las autoridades de Protecci\u00f3n Civil, y atendieron de manera ordenada las recomendaciones, cumpliendo, adem\u00e1s, con los protocolos de actuaci\u00f3n\u201d.<\/p>\n","protected":false},"excerpt":{"rendered":"<p>Reynosa, Tamaulipas.- La secretaria de Educaci\u00f3n de Tamaulipas, Luc\u00eda Aim\u00e9 Castillo Pastor, inform\u00f3 que con&#8230;<\/p>\n","protected":false},"author":1,"featured_media":4978,"comment_status":"open","ping_status":"open","sticky":false,"template":"","format":"standard","meta":{"footnotes":""},"categories":[2],"tags":[],"class_list":["post-4977","post","type-post","status-publish","format-standard","has-post-thumbnail","hentry","category-tamaulipas"],"_links":{"self":[{"href":"https:\/\/noticierotamaulipeco.info\/index.php?rest_route=\/wp\/v2\/posts\/4977","targetHints":{"allow":["GET"]}}],"collection":[{"href":"https:\/\/noticierotamaulipeco.info\/index.php?rest_route=\/wp\/v2\/posts"}],"about":[{"href":"https:\/\/noticierotamaulipeco.info\/index.php?rest_route=\/wp\/v2\/types\/post"}],"author":[{"embeddable":true,"href":"https:\/\/noticierotamaulipeco.info\/index.php?rest_route=\/wp\/v2\/users\/1"}],"replies":[{"embeddable":true,"href":"https:\/\/noticierotamaulipeco.info\/index.php?rest_route=%2Fwp%2Fv2%2Fcomments&post=4977"}],"version-history":[{"count":1,"href":"https:\/\/noticierotamaulipeco.info\/index.php?rest_route=\/wp\/v2\/posts\/4977\/revisions"}],"predecessor-version":[{"id":4979,"href":"https:\/\/noticierotamaulipeco.info\/index.php?rest_route=\/wp\/v2\/posts\/4977\/revisions\/4979"}],"wp:featuredmedia":[{"embeddable":true,"href":"https:\/\/noticierotamaulipeco.info\/index.php?rest_route=\/wp\/v2\/media\/4978"}],"wp:attachment":[{"href":"https:\/\/noticierotamaulipeco.info\/index.php?rest_route=%2Fwp%2Fv2%2Fmedia&parent=4977"}],"wp:term":[{"taxonomy":"category","embeddable":true,"href":"https:\/\/noticierotamaulipeco.info\/index.php?rest_route=%2Fwp%2Fv2%2Fcategories&post=4977"},{"taxonomy":"post_tag","embeddable":true,"href":"https:\/\/noticierotamaulipeco.info\/index.php?rest_route=%2Fwp%2Fv2%2Ftags&post=4977"}],"curies":[{"name":"wp","href":"https:\/\/api.w.org\/{rel}","templated":true}]}}