{"id":4993,"date":"2025-04-01T18:39:33","date_gmt":"2025-04-01T18:39:33","guid":{"rendered":"https:\/\/noticierotamaulipeco.info\/?p=4993"},"modified":"2025-04-02T18:45:35","modified_gmt":"2025-04-02T18:45:35","slug":"destaca-secretario-del-trabajo-crecimiento-de-empleos-formales-y-proteccion-de-los-derechos-laborales-en-tamaulipas-durante-glosa-del-tercer-informe-de-gobierno","status":"publish","type":"post","link":"https:\/\/noticierotamaulipeco.info\/?p=4993","title":{"rendered":"Destaca secretario del Trabajo crecimiento de empleos formales y protecci\u00f3n de los derechos laborales en Tamaulipas durante glosa del Tercer Informe de Gobierno"},"content":{"rendered":"\n<p>Ciudad Victoria, Tamaulipas.- El secretario del Trabajo y Previsi\u00f3n Social del<br>Gobierno de Tamaulipas, Luis Gerardo Illoldi Reyes, compareci\u00f3 este d\u00eda ante los<br>diputados que integran la Comisi\u00f3n del Trabajo y Previsi\u00f3n Social, del H.<br>Congreso de Tamaulipas.<br>La presidenta diputada de la Comisi\u00f3n, Gabriela Regalado Fuentes, se encarg\u00f3 de<br>recibir al secretario, Luis Gerardo Illoldi Reyes, quien present\u00f3 su informe ante las<br>y los congresistas que integran dicho grupo de trabajo.<br>En su presentaci\u00f3n, el secretario destac\u00f3 el impulso a las iniciativas para proteger<br>los derechos de las y los trabajadores, mejorar el acceso a empleos formales y<br>fortalecer la capacitaci\u00f3n laboral, gracias a visionarios programas establecidos<br>desde la administraci\u00f3n p\u00fablica estatal humanista y transformadora del<br>gobernador Am\u00e9rico Villarreal Anaya<br>Illoldi Reyes destac\u00f3 que, a trav\u00e9s de la Secretar\u00eda del Trabajo y Previsi\u00f3n Social,<br>se promovi\u00f3 la conciliaci\u00f3n como una v\u00eda eficiente para la resoluci\u00f3n de conflictos<br>laborales, garantizando la justicia pronta y accesible. Asimismo, se brindaron<br>asesor\u00edas y apoyo jur\u00eddico a quienes lo requieren, asegurando el respeto a sus<br>derechos y promoviendo un entorno laboral m\u00e1s justo.<br>El secretario del Trabajo y Previsi\u00f3n Social, destac\u00f3 que desde la Subsecretar\u00eda<br>del Empleo y Previsi\u00f3n Social, se fortalecieron estrategias de vinculaci\u00f3n laboral y<br>capacitaci\u00f3n para facilitar el acceso a oportunidades de empleo digno, con un<br>enfoque firme de promoci\u00f3n del empleo, la capacitaci\u00f3n y la inclusi\u00f3n laboral.<br>Garantizando un mercado laboral justo, con estabilidad, seguridad y el acceso<br>pleno a derechos laborales, impulsando el crecimiento y bienestar laboral,<br>cimentando un futuro m\u00e1s pr\u00f3spero y equitativo para todos.<br>Expuso que Tamaulipas es el segundo lugar a nivel nacional con m\u00e1s Oficinas de<br>Conciliaci\u00f3n y con una respuesta de menos de 20 d\u00edas. Asimismo se tiene un avance del 59% m\u00e1s respecto al a\u00f1o anterior en el abatimiento al rezago de<br>expedientes laborales.<br>Adem\u00e1s, se han implementado acciones para fomentar la reinserci\u00f3n social y la<br>inclusi\u00f3n laboral de grupos en situaci\u00f3n de vulnerabilidad, promoviendo pol\u00edticas<br>alineadas con los derechos humanos y la equidad de oportunidades.<br>El secretario refiri\u00f3 que la seguridad y el bienestar en los centros de trabajo ha<br>sido una prioridad, con inspecciones y programas de capacitaci\u00f3n que buscan<br>mejorar las condiciones laborales y erradicar pr\u00e1cticas que atenten contra la<br>dignidad de las y los trabajadores. Tambi\u00e9n se han intensificado esfuerzos en<br>materia de formaci\u00f3n y concientizaci\u00f3n para prevenir el trabajo infantil y garantizar<br>la protecci\u00f3n de los menores en edad permitida para trabajar.<br>Dentro de su comparecencia afirm\u00f3 que el esfuerzo en conjunto entre gobierno,<br>sociedad y sector productivo para construir un Tamaulipas m\u00e1s justo y pr\u00f3spero.<br>\u201cSeguimos avanzando con la certeza de que el trabajo es el motor del cambio y el<br>pilar de un mejor futuro para todas y todos\u201d.<\/p>\n\n\n\n<p><\/p>\n","protected":false},"excerpt":{"rendered":"<p>Ciudad Victoria, Tamaulipas.- El secretario del Trabajo y Previsi\u00f3n Social delGobierno de Tamaulipas, Luis Gerardo&#8230;<\/p>\n","protected":false},"author":1,"featured_media":4995,"comment_status":"open","ping_status":"open","sticky":false,"template":"","format":"standard","meta":{"footnotes":""},"categories":[2],"tags":[],"class_list":["post-4993","post","type-post","status-publish","format-standard","has-post-thumbnail","hentry","category-tamaulipas"],"_links":{"self":[{"href":"https:\/\/noticierotamaulipeco.info\/index.php?rest_route=\/wp\/v2\/posts\/4993","targetHints":{"allow":["GET"]}}],"collection":[{"href":"https:\/\/noticierotamaulipeco.info\/index.php?rest_route=\/wp\/v2\/posts"}],"about":[{"href":"https:\/\/noticierotamaulipeco.info\/index.php?rest_route=\/wp\/v2\/types\/post"}],"author":[{"embeddable":true,"href":"https:\/\/noticierotamaulipeco.info\/index.php?rest_route=\/wp\/v2\/users\/1"}],"replies":[{"embeddable":true,"href":"https:\/\/noticierotamaulipeco.info\/index.php?rest_route=%2Fwp%2Fv2%2Fcomments&post=4993"}],"version-history":[{"count":1,"href":"https:\/\/noticierotamaulipeco.info\/index.php?rest_route=\/wp\/v2\/posts\/4993\/revisions"}],"predecessor-version":[{"id":4996,"href":"https:\/\/noticierotamaulipeco.info\/index.php?rest_route=\/wp\/v2\/posts\/4993\/revisions\/4996"}],"wp:featuredmedia":[{"embeddable":true,"href":"https:\/\/noticierotamaulipeco.info\/index.php?rest_route=\/wp\/v2\/media\/4995"}],"wp:attachment":[{"href":"https:\/\/noticierotamaulipeco.info\/index.php?rest_route=%2Fwp%2Fv2%2Fmedia&parent=4993"}],"wp:term":[{"taxonomy":"category","embeddable":true,"href":"https:\/\/noticierotamaulipeco.info\/index.php?rest_route=%2Fwp%2Fv2%2Fcategories&post=4993"},{"taxonomy":"post_tag","embeddable":true,"href":"https:\/\/noticierotamaulipeco.info\/index.php?rest_route=%2Fwp%2Fv2%2Ftags&post=4993"}],"curies":[{"name":"wp","href":"https:\/\/api.w.org\/{rel}","templated":true}]}}