{"id":5005,"date":"2025-04-03T19:10:52","date_gmt":"2025-04-03T19:10:52","guid":{"rendered":"https:\/\/noticierotamaulipeco.info\/?p=5005"},"modified":"2025-04-03T19:10:54","modified_gmt":"2025-04-03T19:10:54","slug":"empresarios-de-ee-uu-arremeten-contra-los-aranceles-de-trump-y-advierten-de-consecuencias","status":"publish","type":"post","link":"https:\/\/noticierotamaulipeco.info\/?p=5005","title":{"rendered":"Empresarios de EE.UU. arremeten contra los aranceles de Trump y advierten de consecuencias"},"content":{"rendered":"\n<p>Varias asociaciones empresariales de Estados Unidos expresaron este mi\u00e9rcoles su preocupaci\u00f3n por la incertidumbre que genera la\u00a0<strong>tanda de aranceles globales<\/strong>\u00a0que el presidente, Donald Trump, anunci\u00f3 para pa\u00edses de todo el mundo.<\/p>\n\n\n\n<p>La\u00a0<strong>Mesa Redonda de Negocios,<\/strong>\u00a0que agrupa a directores ejecutivos de grandes empresas, advirti\u00f3 en un comunicado de que los aranceles \u201ccorren el riesgo de causar graves da\u00f1os a los\u00a0<strong>fabricantes, trabajadores, familias y exportadores estadounidenses\u201d.<\/strong><\/p>\n\n\n\n<p>Antes de que Trump detallara sus aranceles, la\u00a0<strong>C\u00e1mara de Comercio de Estados Unidos<\/strong>\u00a0advirti\u00f3 que la imposici\u00f3n de grav\u00e1menes a las exportaciones \u201celevar\u00e1n los precios para los consumidores estadounidenses y perjudicar\u00e1n la econom\u00eda\u201d.<\/p>\n\n\n\n<p>Despu\u00e9s del anuncio del presidente, la\u00a0<strong>Fabricaci\u00f3n Nacional de Minoristas<\/strong>\u00a0advirti\u00f3 de que los aranceles generar\u00e1n \u201cmayor incertidumbre para las empresas y los consumidores estadounidenses\u201d.<\/p>\n\n\n\n<p>Para la<strong>\u00a0Asociaci\u00f3n de Distribuidores y Minoristas de Calzado de Estados Unidos<\/strong>, la decisi\u00f3n del mandatario es algo \u201ccatastr\u00f3fico para las familias estadounidenses\u201d.<\/p>\n\n\n\n<p>Trump anunci\u00f3 este mi\u00e9rcoles la imposici\u00f3n de un\u00a0<strong>arancel global base del 10%<\/strong>\u00a0para todos los pa\u00edses que considera que establecen\u00a0<strong>barreras comerciales<\/strong>\u00a0a los productos estadounidenses, y agrega un arancel adicional para aquellas naciones que considera los \u201cpeores infractores\u201d.<\/p>\n\n\n\n<p>As\u00ed, impondr\u00e1 aranceles del 34% para las importaciones de\u00a0<strong>China,<\/strong>\u00a0del 20% para la\u00a0<strong>Uni\u00f3n Europea,<\/strong>\u00a0del 24% para\u00a0<strong>Jap\u00f3n,<\/strong>\u00a0del 26% para la\u00a0<strong>India,<\/strong>\u00a0del 17% para\u00a0<strong>Israel<\/strong>\u00a0y del 10% para la mayor\u00eda de naciones latinoamericanas.<\/p>\n\n\n\n<p>El arancel m\u00ednimo del 10% entrar\u00e1 en vigor el s\u00e1bado\u00a0<strong>5 de abril,<\/strong>\u00a0mientras que la parte adicional que afecta a cada naci\u00f3n comenzar\u00e1 a aplicarse<strong>\u00a0el d\u00eda 9.<\/strong><\/p>\n","protected":false},"excerpt":{"rendered":"<p>Varias asociaciones empresariales de Estados Unidos expresaron este mi\u00e9rcoles su preocupaci\u00f3n por la incertidumbre que&#8230;<\/p>\n","protected":false},"author":1,"featured_media":5006,"comment_status":"open","ping_status":"open","sticky":false,"template":"","format":"standard","meta":{"footnotes":""},"categories":[5],"tags":[],"class_list":["post-5005","post","type-post","status-publish","format-standard","has-post-thumbnail","hentry","category-internacional"],"_links":{"self":[{"href":"https:\/\/noticierotamaulipeco.info\/index.php?rest_route=\/wp\/v2\/posts\/5005","targetHints":{"allow":["GET"]}}],"collection":[{"href":"https:\/\/noticierotamaulipeco.info\/index.php?rest_route=\/wp\/v2\/posts"}],"about":[{"href":"https:\/\/noticierotamaulipeco.info\/index.php?rest_route=\/wp\/v2\/types\/post"}],"author":[{"embeddable":true,"href":"https:\/\/noticierotamaulipeco.info\/index.php?rest_route=\/wp\/v2\/users\/1"}],"replies":[{"embeddable":true,"href":"https:\/\/noticierotamaulipeco.info\/index.php?rest_route=%2Fwp%2Fv2%2Fcomments&post=5005"}],"version-history":[{"count":1,"href":"https:\/\/noticierotamaulipeco.info\/index.php?rest_route=\/wp\/v2\/posts\/5005\/revisions"}],"predecessor-version":[{"id":5007,"href":"https:\/\/noticierotamaulipeco.info\/index.php?rest_route=\/wp\/v2\/posts\/5005\/revisions\/5007"}],"wp:featuredmedia":[{"embeddable":true,"href":"https:\/\/noticierotamaulipeco.info\/index.php?rest_route=\/wp\/v2\/media\/5006"}],"wp:attachment":[{"href":"https:\/\/noticierotamaulipeco.info\/index.php?rest_route=%2Fwp%2Fv2%2Fmedia&parent=5005"}],"wp:term":[{"taxonomy":"category","embeddable":true,"href":"https:\/\/noticierotamaulipeco.info\/index.php?rest_route=%2Fwp%2Fv2%2Fcategories&post=5005"},{"taxonomy":"post_tag","embeddable":true,"href":"https:\/\/noticierotamaulipeco.info\/index.php?rest_route=%2Fwp%2Fv2%2Ftags&post=5005"}],"curies":[{"name":"wp","href":"https:\/\/api.w.org\/{rel}","templated":true}]}}