{"id":5043,"date":"2025-04-08T17:30:49","date_gmt":"2025-04-08T17:30:49","guid":{"rendered":"https:\/\/noticierotamaulipeco.info\/?p=5043"},"modified":"2025-04-08T17:30:50","modified_gmt":"2025-04-08T17:30:50","slug":"musk-llama-a-uno-de-los-asesores-principales-de-trump-imbecil-y-tonto","status":"publish","type":"post","link":"https:\/\/noticierotamaulipeco.info\/?p=5043","title":{"rendered":"Musk llama a uno de los asesores principales de Trump \u201cimb\u00e9cil\u201d y \u201ctonto\u201d"},"content":{"rendered":"\n<p>El due\u00f1o de Tesla,\u00a0<strong>Elon Musk<\/strong>, llam\u00f3 este martes \u201c<strong>imb\u00e9cil<\/strong>\u201d y \u201c<strong>tonto de remate<\/strong>\u201d a<strong>\u00a0Peter Navarro<\/strong>,<strong>\u00a0asesor de Comercio<\/strong>\u00a0y Manufacturas del presidente de\u00a0<strong>Estados Unidos, Donald Trump<\/strong>, en una publicaci\u00f3n de X, ante las cr\u00edticas de este sobre la\u00a0<strong>fabricaci\u00f3n<\/strong>\u00a0de los\u00a0<strong>coches el\u00e9ctricos<\/strong>\u00a0del magnate.<\/p>\n\n\n\n<p>En otro post separado, cambi\u00f3 su nombre por \u201c<strong>Peter Retarrdo<\/strong>\u201d (Retrasado).<\/p>\n\n\n\n<p>La guerra abierta entre Musk y Navarro sigue as\u00ed abierta despu\u00e9s de que, en unas declaraciones a NBC News, Navarro se\u00f1alara que en la Casa Blanca y en la poblaci\u00f3n estadounidense entienden que Elon Musk es \u201cun fabricante de coches\u201d.<\/p>\n\n\n\n<p>\u201cPero \u00e9l no es un fabricante de autom\u00f3viles. \u00c9l es un ensamblador de autom\u00f3viles\u201d, a\u00f1adi\u00f3 el asesor en declaraciones para NBC News, en las que destacaba que los componentes de sus coches provienen de distintas partes del mundo como China, Taiwan o Jap\u00f3n.<\/p>\n\n\n\n<p>Navarro insist\u00eda que, aunque Musk desee \u201clos componentes (mec\u00e1nicos) extranjeras baratos\u201d, el Gobierno, por el contrario, aspira a que los coches se fabriquen enteramente en Estados Unidos, citando a la econom\u00eda del pa\u00eds y su seguridad nacional.<\/p>\n\n\n\n<p>En respuesta a un video donde se recog\u00edan estas declaraciones, Musk asegur\u00f3 que lo que dice Navarro es \u201cdemostrablemente falso\u201d y a\u00f1adi\u00f3 que \u201cTesla tiene la mayor\u00eda de los coches fabricados en Estados Unidos\u201d.<\/p>\n\n\n\n<p>\u201cSeg\u00fan cualquier definici\u00f3n, Tesla es el fabricante de autom\u00f3viles m\u00e1s verticalmente integrado de Estados Unidos, con el mayor porcentaje de contenido estadounidense\u201d, insisti\u00f3 en otra publicaci\u00f3n dentro del mismo hilo en X.<\/p>\n\n\n\n<p>\u201cNavarro deber\u00eda preguntar al falso experto que invent\u00f3, Ron Vara\u201d, concluy\u00f3.<\/p>\n\n\n\n<p>No es el primer comentario que Navarro hace sobre Musk puesto que, despu\u00e9s de que el magnate declarara que est\u00e1 a favor de eliminar todos los aranceles con la Uni\u00f3n Europea (UE), el asesor indic\u00f3 que el multimillonario \u201csimplemente protege sus propios intereses, como har\u00eda cualquier empresario\u201d.<\/p>\n\n\n\n<p>\u201cLo que creo que es importante entender sobre Elon es que vende veh\u00edculos. A eso se dedica\u201d, dijo Navarro el lunes durante una entrevista con la cadena Fox News.<\/p>\n","protected":false},"excerpt":{"rendered":"<p>El due\u00f1o de Tesla,\u00a0Elon Musk, llam\u00f3 este martes \u201cimb\u00e9cil\u201d y \u201ctonto de remate\u201d a\u00a0Peter Navarro,\u00a0asesor&#8230;<\/p>\n","protected":false},"author":1,"featured_media":5044,"comment_status":"open","ping_status":"open","sticky":false,"template":"","format":"standard","meta":{"footnotes":""},"categories":[5],"tags":[],"class_list":["post-5043","post","type-post","status-publish","format-standard","has-post-thumbnail","hentry","category-internacional"],"_links":{"self":[{"href":"https:\/\/noticierotamaulipeco.info\/index.php?rest_route=\/wp\/v2\/posts\/5043","targetHints":{"allow":["GET"]}}],"collection":[{"href":"https:\/\/noticierotamaulipeco.info\/index.php?rest_route=\/wp\/v2\/posts"}],"about":[{"href":"https:\/\/noticierotamaulipeco.info\/index.php?rest_route=\/wp\/v2\/types\/post"}],"author":[{"embeddable":true,"href":"https:\/\/noticierotamaulipeco.info\/index.php?rest_route=\/wp\/v2\/users\/1"}],"replies":[{"embeddable":true,"href":"https:\/\/noticierotamaulipeco.info\/index.php?rest_route=%2Fwp%2Fv2%2Fcomments&post=5043"}],"version-history":[{"count":1,"href":"https:\/\/noticierotamaulipeco.info\/index.php?rest_route=\/wp\/v2\/posts\/5043\/revisions"}],"predecessor-version":[{"id":5045,"href":"https:\/\/noticierotamaulipeco.info\/index.php?rest_route=\/wp\/v2\/posts\/5043\/revisions\/5045"}],"wp:featuredmedia":[{"embeddable":true,"href":"https:\/\/noticierotamaulipeco.info\/index.php?rest_route=\/wp\/v2\/media\/5044"}],"wp:attachment":[{"href":"https:\/\/noticierotamaulipeco.info\/index.php?rest_route=%2Fwp%2Fv2%2Fmedia&parent=5043"}],"wp:term":[{"taxonomy":"category","embeddable":true,"href":"https:\/\/noticierotamaulipeco.info\/index.php?rest_route=%2Fwp%2Fv2%2Fcategories&post=5043"},{"taxonomy":"post_tag","embeddable":true,"href":"https:\/\/noticierotamaulipeco.info\/index.php?rest_route=%2Fwp%2Fv2%2Ftags&post=5043"}],"curies":[{"name":"wp","href":"https:\/\/api.w.org\/{rel}","templated":true}]}}