{"id":5107,"date":"2025-04-16T09:15:00","date_gmt":"2025-04-16T09:15:00","guid":{"rendered":"https:\/\/noticierotamaulipeco.info\/?p=5107"},"modified":"2025-04-22T21:19:09","modified_gmt":"2025-04-22T21:19:09","slug":"muere-silvia-galvan-la-estilista-de-las-estrellas","status":"publish","type":"post","link":"https:\/\/noticierotamaulipeco.info\/?p=5107","title":{"rendered":"Muere Silvia Galv\u00e1n, la estilista de las estrellas"},"content":{"rendered":"\n<p><strong>Silvia Galv\u00e1n<\/strong>, conocida por ser la estilista de las estrellas, muri\u00f3 tras padecer c\u00e1ncer de est\u00f3mago. La periodista de espect\u00e1culos,\u00a0<strong>Mar\u00eda Luisa Vald\u00e9s Doria<\/strong>, confirm\u00f3 el deceso.<\/p>\n\n\n\n<p>En su cuenta de Instagram, la&nbsp;<strong>familia Galv\u00e1n<\/strong>&nbsp;destac\u00f3:<\/p>\n\n\n\n<p>\u201cCon profundo pesar y gran tristeza, informamos el fallecimiento de&nbsp;<strong>Silvia Galv\u00e1n<\/strong>, mujer ejemplar, cuya vida fue inspiraci\u00f3n para muchos\u201d.<\/p>\n\n\n\n<p>\u201cSilvia fue una emprendedora incansable, visionaria y pionera de la industria de la belleza en nuestro pa\u00eds. Su pasi\u00f3n, entrega y liderazgo dejaron una huella imborrable en cada proyecto que emprendi\u00f3, y su legado seguir\u00e1 vivo en cada persona que toc\u00f3 con su talento y generosidad\u201d.<\/p>\n\n\n\n<p>\u201cM\u00e1s all\u00e1 de su labor profesional. Silvia fue una mujer de fe, cuya espiritualidad y fortaleza guiaron cada paso de su camino. Hoy lamentamos profundamente su partida, pero con la certeza de que su alma goza de la luz eterna.<\/p>\n\n\n\n<p>\u201cEn este momento de profunda tristeza, acompa\u00f1amos con respeto y cari\u00f1o a sus hijas, Jessica y Erika, y a todos sus seres queridos. Su fortaleza y amor reflejan el gra legado que Silvia contruy\u00f3 en vida. Agradecemos a todos quienes se han unido en oraci\u00f3n y solidaridad durante este dif\u00edcil momento. Su recuerdo vivir\u00e1 para siempre en nuestros corazones\u201d.<\/p>\n\n\n\n<p>De acuerdo con un comunicado distribuido por la familia Galv\u00e1n en marzo, la estilista fue diagnosticada con c\u00e1ncer en el est\u00f3mago, fase cuatro.<\/p>\n\n\n\n<p>Agradecemos el inter\u00e9s y todos los mensajes tan lindos preguntando por la salud de nuestra mam\u00e1 Silvia Galv\u00e1n. Ella tuvo una emergencia que requiri\u00f3 una cirug\u00eda delicada, de la cual se descubri\u00f3 un c\u00e1ncer. En estos momentos, se encuentra en recuperaci\u00f3n\u201d, destac\u00f3 la familia en marzo.<\/p>\n\n\n\n<p><strong>Silvia Galv\u00e1n<\/strong>, originaria de Monterrey, salt\u00f3 a la fama por su trabajo con celebridades como Belinda y Ver\u00f3nica Castro.<\/p>\n\n\n\n<p><strong>Silvia Galv\u00e1n<\/strong>\u00a0colaboraba en los programas Hoy y Cu\u00e9ntamelo Ya de Televisa, adem\u00e1s de innumerables apariciones en la televisi\u00f3n de Monterrey, Nuevo Le\u00f3n. Salt\u00f3 a la fama por sus cambios de looks en la tv.<\/p>\n\n\n\n<p>Adem\u00e1s era empresaria, ya que contaba con salones de belleza.<\/p>\n\n\n\n<p>La actriz&nbsp;<strong>Silivia Pasquel<\/strong>&nbsp;y la cantante&nbsp;<strong>Mar\u00eda del Sol<\/strong>&nbsp;fueron sus mejores amigas.<\/p>\n\n\n\n<p><\/p>\n","protected":false},"excerpt":{"rendered":"<p>Silvia Galv\u00e1n, conocida por ser la estilista de las estrellas, muri\u00f3 tras padecer c\u00e1ncer de&#8230;<\/p>\n","protected":false},"author":1,"featured_media":5108,"comment_status":"open","ping_status":"open","sticky":false,"template":"","format":"standard","meta":{"footnotes":""},"categories":[7],"tags":[],"class_list":["post-5107","post","type-post","status-publish","format-standard","has-post-thumbnail","hentry","category-espectaculos"],"_links":{"self":[{"href":"https:\/\/noticierotamaulipeco.info\/index.php?rest_route=\/wp\/v2\/posts\/5107","targetHints":{"allow":["GET"]}}],"collection":[{"href":"https:\/\/noticierotamaulipeco.info\/index.php?rest_route=\/wp\/v2\/posts"}],"about":[{"href":"https:\/\/noticierotamaulipeco.info\/index.php?rest_route=\/wp\/v2\/types\/post"}],"author":[{"embeddable":true,"href":"https:\/\/noticierotamaulipeco.info\/index.php?rest_route=\/wp\/v2\/users\/1"}],"replies":[{"embeddable":true,"href":"https:\/\/noticierotamaulipeco.info\/index.php?rest_route=%2Fwp%2Fv2%2Fcomments&post=5107"}],"version-history":[{"count":1,"href":"https:\/\/noticierotamaulipeco.info\/index.php?rest_route=\/wp\/v2\/posts\/5107\/revisions"}],"predecessor-version":[{"id":5109,"href":"https:\/\/noticierotamaulipeco.info\/index.php?rest_route=\/wp\/v2\/posts\/5107\/revisions\/5109"}],"wp:featuredmedia":[{"embeddable":true,"href":"https:\/\/noticierotamaulipeco.info\/index.php?rest_route=\/wp\/v2\/media\/5108"}],"wp:attachment":[{"href":"https:\/\/noticierotamaulipeco.info\/index.php?rest_route=%2Fwp%2Fv2%2Fmedia&parent=5107"}],"wp:term":[{"taxonomy":"category","embeddable":true,"href":"https:\/\/noticierotamaulipeco.info\/index.php?rest_route=%2Fwp%2Fv2%2Fcategories&post=5107"},{"taxonomy":"post_tag","embeddable":true,"href":"https:\/\/noticierotamaulipeco.info\/index.php?rest_route=%2Fwp%2Fv2%2Ftags&post=5107"}],"curies":[{"name":"wp","href":"https:\/\/api.w.org\/{rel}","templated":true}]}}