{"id":5131,"date":"2025-04-22T15:55:00","date_gmt":"2025-04-22T15:55:00","guid":{"rendered":"https:\/\/noticierotamaulipeco.info\/?p=5131"},"modified":"2025-04-23T03:57:41","modified_gmt":"2025-04-23T03:57:41","slug":"premian-documental-de-la-uat-en-festival-nacional-de-cortometraje","status":"publish","type":"post","link":"https:\/\/noticierotamaulipeco.info\/?p=5131","title":{"rendered":"Premian documental de la UAT en festival nacional de cortometraje"},"content":{"rendered":"\n<p><strong>&#8220;<\/strong><em>\u00a0El estudiante de la Universidad Aut\u00f3noma de Tamaulipas (UAT), Jos\u00e9 Gerardo Hern\u00e1ndez Morales, obtuvo menci\u00f3n honor\u00edfica en el Festival Nacional de Cortometraje Universitario en Video \u201cCortocinema&#8221;, organizado por la Universidad La Salle Baj\u00edo, Guanajuato.\u00a0<\/em><strong>&#8220;<\/strong><\/p>\n\n\n\n<p>Jos\u00e9 Gerardo recibi\u00f3 el reconocimiento por el documental \u201cSoccer Down&#8221;, trabajo realizado con la asesor\u00eda del Laboratorio de Cine Digital Emoci\u00f3n-Arte, de la Licenciatura en Ciencias de la Comunicaci\u00f3n de la Facultad de Derecho y Ciencias Sociales de Tampico (FADYCS).<\/p>\n\n\n\n<p>La ceremonia de premiaci\u00f3n y entrega de reconocimientos del festival \u201cCortocinema&#8221; se llev\u00f3 a cabo en la sede de la instituci\u00f3n organizadora, con la asistencia de j\u00f3venes cineastas de todo el pa\u00eds, en un evento lleno de creatividad y aprendizaje.<\/p>\n\n\n\n<p>En este espacio participaron tambi\u00e9n los estudiantes de la FADYCS: Fernando Ju\u00e1rez Reyes, Jes\u00fas Corona, Rogelio Eduardo Vicencio Mill\u00e1n, Karely Guadalupe Loredo Gonz\u00e1lez, Emiliano Marcos Fern\u00e1ndez y Monserrath \u00c1lvarez Ortiz, asesorados por su profesor de la carrera de Ciencias de la Comunicaci\u00f3n, Antonio Rosales Ibarra.<\/p>\n\n\n\n<p>La menci\u00f3n honor\u00edfica en la categor\u00eda documental de este festival demuestra la calidad del trabajo en la producci\u00f3n de cortometrajes que realizan los estudiantes de la UAT.<\/p>\n\n\n\n<p>La m\u00e1s reciente muestra de cortometrajes y otros contenidos de los estudiantes se pueden apreciar en las redes sociales del Laboratorio de Cine Digital de la Licenciatura en Ciencias de la Comunicaci\u00f3n de la FADYCS.<\/p>\n","protected":false},"excerpt":{"rendered":"<p>&#8220;\u00a0El estudiante de la Universidad Aut\u00f3noma de Tamaulipas (UAT), Jos\u00e9 Gerardo Hern\u00e1ndez Morales, obtuvo menci\u00f3n&#8230;<\/p>\n","protected":false},"author":1,"featured_media":5132,"comment_status":"open","ping_status":"open","sticky":false,"template":"","format":"standard","meta":{"footnotes":""},"categories":[6,4],"tags":[],"class_list":["post-5131","post","type-post","status-publish","format-standard","has-post-thumbnail","hentry","category-deportes","category-educacion"],"_links":{"self":[{"href":"https:\/\/noticierotamaulipeco.info\/index.php?rest_route=\/wp\/v2\/posts\/5131","targetHints":{"allow":["GET"]}}],"collection":[{"href":"https:\/\/noticierotamaulipeco.info\/index.php?rest_route=\/wp\/v2\/posts"}],"about":[{"href":"https:\/\/noticierotamaulipeco.info\/index.php?rest_route=\/wp\/v2\/types\/post"}],"author":[{"embeddable":true,"href":"https:\/\/noticierotamaulipeco.info\/index.php?rest_route=\/wp\/v2\/users\/1"}],"replies":[{"embeddable":true,"href":"https:\/\/noticierotamaulipeco.info\/index.php?rest_route=%2Fwp%2Fv2%2Fcomments&post=5131"}],"version-history":[{"count":1,"href":"https:\/\/noticierotamaulipeco.info\/index.php?rest_route=\/wp\/v2\/posts\/5131\/revisions"}],"predecessor-version":[{"id":5133,"href":"https:\/\/noticierotamaulipeco.info\/index.php?rest_route=\/wp\/v2\/posts\/5131\/revisions\/5133"}],"wp:featuredmedia":[{"embeddable":true,"href":"https:\/\/noticierotamaulipeco.info\/index.php?rest_route=\/wp\/v2\/media\/5132"}],"wp:attachment":[{"href":"https:\/\/noticierotamaulipeco.info\/index.php?rest_route=%2Fwp%2Fv2%2Fmedia&parent=5131"}],"wp:term":[{"taxonomy":"category","embeddable":true,"href":"https:\/\/noticierotamaulipeco.info\/index.php?rest_route=%2Fwp%2Fv2%2Fcategories&post=5131"},{"taxonomy":"post_tag","embeddable":true,"href":"https:\/\/noticierotamaulipeco.info\/index.php?rest_route=%2Fwp%2Fv2%2Ftags&post=5131"}],"curies":[{"name":"wp","href":"https:\/\/api.w.org\/{rel}","templated":true}]}}