{"id":5202,"date":"2025-05-01T18:58:48","date_gmt":"2025-05-01T18:58:48","guid":{"rendered":"https:\/\/noticierotamaulipeco.info\/?p=5202"},"modified":"2025-05-02T19:01:04","modified_gmt":"2025-05-02T19:01:04","slug":"se-situa-tamaulipas-en-segundo-lugar-nacional-en-semana-de-vacunacion-jornada-continua","status":"publish","type":"post","link":"https:\/\/noticierotamaulipeco.info\/?p=5202","title":{"rendered":"Se sit\u00faa Tamaulipas en segundo lugar nacional en Semana de Vacunaci\u00f3n; jornada contin\u00faa"},"content":{"rendered":"\n<p>Ciudad de M\u00e9xico.- Este jueves primero de mayo, Tamaulipas se sit\u00faa en el<br>segundo estado del pa\u00eds en alcanzar la meta de cubrir el 100 por ciento de su<br>poblaci\u00f3n debidamente vacunada, dentro de la Semana Nacional de Vacunaci\u00f3n<br>2025, que concluye el pr\u00f3ximo 3 de mayo, inform\u00f3 el secretario de Salud, Vicente<br>Joel Hern\u00e1ndez Navarro.<br>De acuerdo a los datos del Centro Nacional para la Salud de la Infancia y la<br>Adolescencia (CENSIA), el funcionario estatal dijo que Tamaulipas alcanz\u00f3 la<br>cobertura del cien por ciento este jueves, gracias a la coordinaci\u00f3n de esfuerzos<br>entre las diversas dependencias del sector salud como: IMSS-Bienestar, IMSS en<br>el r\u00e9gimen ordinario, ISSSTE, Petr\u00f3leos Mexicanos, Secretar\u00eda de la Defensa y la<br>Secretar\u00eda de Salud del Estado.<br>Desde el inicio de la Semana Nacional de Vacunaci\u00f3n, el pasado 26 de abril, el<br>gobernador de Tamaulipas, Am\u00e9rico Villarreal Anaya exhort\u00f3 a toda la poblaci\u00f3n a<br>asistir a las diferentes unidades m\u00e9dicas y m\u00f3dulos de vacunaci\u00f3n para completar<br>sus esquemas y contribuir para reducir el riesgo de enfermedades; la Semana<br>Nacional de Vacunaci\u00f3n concluye el pr\u00f3ximo 3 de mayo.<br>A nivel nacional, la meta es aplicar 1.8 millones de vacunas a los diferentes<br>segmentos de la poblaci\u00f3n que se dividen en: primera infancia, ni\u00f1ez de 1 a 9<br>a\u00f1os, adolescentes, embarazadas a partir de la semana 20 de gestaci\u00f3n, adultos<br>mayores y personal de salud.<\/p>\n","protected":false},"excerpt":{"rendered":"<p>Ciudad de M\u00e9xico.- Este jueves primero de mayo, Tamaulipas se sit\u00faa en elsegundo estado del&#8230;<\/p>\n","protected":false},"author":1,"featured_media":5203,"comment_status":"open","ping_status":"open","sticky":false,"template":"","format":"standard","meta":{"footnotes":""},"categories":[2],"tags":[],"class_list":["post-5202","post","type-post","status-publish","format-standard","has-post-thumbnail","hentry","category-tamaulipas"],"_links":{"self":[{"href":"https:\/\/noticierotamaulipeco.info\/index.php?rest_route=\/wp\/v2\/posts\/5202","targetHints":{"allow":["GET"]}}],"collection":[{"href":"https:\/\/noticierotamaulipeco.info\/index.php?rest_route=\/wp\/v2\/posts"}],"about":[{"href":"https:\/\/noticierotamaulipeco.info\/index.php?rest_route=\/wp\/v2\/types\/post"}],"author":[{"embeddable":true,"href":"https:\/\/noticierotamaulipeco.info\/index.php?rest_route=\/wp\/v2\/users\/1"}],"replies":[{"embeddable":true,"href":"https:\/\/noticierotamaulipeco.info\/index.php?rest_route=%2Fwp%2Fv2%2Fcomments&post=5202"}],"version-history":[{"count":1,"href":"https:\/\/noticierotamaulipeco.info\/index.php?rest_route=\/wp\/v2\/posts\/5202\/revisions"}],"predecessor-version":[{"id":5204,"href":"https:\/\/noticierotamaulipeco.info\/index.php?rest_route=\/wp\/v2\/posts\/5202\/revisions\/5204"}],"wp:featuredmedia":[{"embeddable":true,"href":"https:\/\/noticierotamaulipeco.info\/index.php?rest_route=\/wp\/v2\/media\/5203"}],"wp:attachment":[{"href":"https:\/\/noticierotamaulipeco.info\/index.php?rest_route=%2Fwp%2Fv2%2Fmedia&parent=5202"}],"wp:term":[{"taxonomy":"category","embeddable":true,"href":"https:\/\/noticierotamaulipeco.info\/index.php?rest_route=%2Fwp%2Fv2%2Fcategories&post=5202"},{"taxonomy":"post_tag","embeddable":true,"href":"https:\/\/noticierotamaulipeco.info\/index.php?rest_route=%2Fwp%2Fv2%2Ftags&post=5202"}],"curies":[{"name":"wp","href":"https:\/\/api.w.org\/{rel}","templated":true}]}}