{"id":5221,"date":"2025-05-03T08:29:00","date_gmt":"2025-05-03T08:29:00","guid":{"rendered":"https:\/\/noticierotamaulipeco.info\/?p=5221"},"modified":"2025-05-04T20:31:18","modified_gmt":"2025-05-04T20:31:18","slug":"los-cardenales-se-reuniran-dos-veces-el-lunes-antes-del-conclave","status":"publish","type":"post","link":"https:\/\/noticierotamaulipeco.info\/?p=5221","title":{"rendered":"Los cardenales se reunir\u00e1n dos veces el lunes antes del c\u00f3nclave"},"content":{"rendered":"\n<p>Los cardenales han decidido este s\u00e1bado intensificar sus encuentros y celebrar el lunes<strong>&nbsp;dos congregaciones en el Vaticano,<\/strong>&nbsp;el foro con el que regula el proceso hasta el&nbsp;<strong>c\u00f3nclave<\/strong>&nbsp;en el que elegir\u00e1n al sucesor del papa Francisco.<\/p>\n\n\n\n<p>El portavoz de la&nbsp;<strong>Santa Sede, Matteo Bruni,<\/strong>&nbsp;confirm\u00f3 hoy que las reuniones cardenalicias el lunes ser\u00e1n dos, y no una, por la ma\u00f1ana y por la tarde, a las<strong>&nbsp;7:00 y a las 15:00 horas&nbsp;<\/strong>(hora local).<\/p>\n\n\n\n<p>A la llegada a la congregaci\u00f3n de hoy, varios purpurados hab\u00edan reconocido que los debates internos para buscar eventuales nombres a&nbsp;<strong>candidatos<\/strong>&nbsp;segu\u00edan \u201cabiertas\u201d.<\/p>\n\n\n\n<blockquote class=\"wp-block-quote is-layout-flow wp-block-quote-is-layout-flow\">\n<p>Uno de ellos fue el franc\u00e9s Jean Paul Vesco, arzobispo de Argel: \u201cA\u00fan no estamos listos, debemos descubrir qui\u00e9n ha sido elegido por el Se\u00f1or. Necesitamos un poco m\u00e1s de tiempo para rezar juntos, pero estoy convencido de que estaremos preparados en el momento justo\u201d, dijo a los medios que le preguntaban.<\/p>\n\n\n\n<p>En la misma l\u00ednea, el cardenal chileno Fernando Natalio Chomali Garib subray\u00f3: \u201cTenemos 133 nombres y todo est\u00e1 abierto\u201d.<\/p>\n\n\n\n<p>Ma\u00f1ana domingo no habr\u00e1 congregaci\u00f3n y, tras las dos del lunes, Bruni no excluy\u00f3 que pudieran tambi\u00e9n duplicarse las del martes.<\/p>\n\n\n\n<p>Un d\u00eda despu\u00e9s, los 133 cardenales electores -menores de 80 a\u00f1os- se encerrar\u00e1n en la<strong>\u00a0Capilla Sixtina<\/strong>\u00a0para deliberar y votar un sucesor del Francisco, fallecido el 21 de abril, y hasta que no lo encuentren no podr\u00e1n salir del\u00a0<strong>Vaticano<\/strong>\u00a0ni comunicarse con el exterior.<\/p>\n\n\n\n<p>A d\u00eda de hoy, han llegado a Roma un total de<strong>&nbsp;131 cardenales electores,<\/strong>&nbsp;por lo que faltan dos del total de convocados.<\/p>\n\n\n\n<p>La noche la pasar\u00e1n en dos edificios dentro de los muros del pa\u00eds pontifico, la<strong>&nbsp;Casa Santa Marta y el<\/strong>&nbsp;<strong>Colegio Et\u00edope,<\/strong>&nbsp;seg\u00fan confirm\u00f3 hoy el responsable de<strong>&nbsp;Infraestructuras vaticano, Silvio Screpanti,<\/strong>&nbsp;que prepara doscientas habitaciones para purpurados y ayudantes.<\/p>\n\n\n\n<p>Los trabajos en&nbsp;<strong>Santa Marta<\/strong>&nbsp;est\u00e1n \u201cen fase avanzada\u201d y \u201cdeber\u00edan concluirse\u201d el lunes 5 de mayo para permitir a los cardenales entrar en sus habitaciones en la noche del martes y el mi\u00e9rcoles, avanz\u00f3 Bruni.<\/p>\n\n\n\n<p>Todos deben estar listos para la misa<strong>&nbsp;\u2018Pro Eligendo Pontifice\u2019<\/strong>&nbsp;en la bas\u00edlica de San Pedro a las 10:00 horas del mi\u00e9rcoles para despu\u00e9s, por la tarde, procesionar hasta su encierro en la Sixtina.<\/p>\n\n\n\n<p>Ese d\u00eda ya habr\u00e1 la primera votaci\u00f3n cuyo resultado, como manda la tradici\u00f3n, ser\u00e1 comunicada al mundo exterior con el humo de sus votos quemados, a trav\u00e9s de la chimenea colocada en lo alto de la Sixtina:&nbsp;<strong>blanco<\/strong>&nbsp;significa que hay papa;&nbsp;<strong>negro,<\/strong>&nbsp;lo contrario.<\/p>\n<\/blockquote>\n","protected":false},"excerpt":{"rendered":"<p>Los cardenales han decidido este s\u00e1bado intensificar sus encuentros y celebrar el lunes&nbsp;dos congregaciones en&#8230;<\/p>\n","protected":false},"author":1,"featured_media":5222,"comment_status":"open","ping_status":"open","sticky":false,"template":"","format":"standard","meta":{"footnotes":""},"categories":[5],"tags":[],"class_list":["post-5221","post","type-post","status-publish","format-standard","has-post-thumbnail","hentry","category-internacional"],"_links":{"self":[{"href":"https:\/\/noticierotamaulipeco.info\/index.php?rest_route=\/wp\/v2\/posts\/5221","targetHints":{"allow":["GET"]}}],"collection":[{"href":"https:\/\/noticierotamaulipeco.info\/index.php?rest_route=\/wp\/v2\/posts"}],"about":[{"href":"https:\/\/noticierotamaulipeco.info\/index.php?rest_route=\/wp\/v2\/types\/post"}],"author":[{"embeddable":true,"href":"https:\/\/noticierotamaulipeco.info\/index.php?rest_route=\/wp\/v2\/users\/1"}],"replies":[{"embeddable":true,"href":"https:\/\/noticierotamaulipeco.info\/index.php?rest_route=%2Fwp%2Fv2%2Fcomments&post=5221"}],"version-history":[{"count":1,"href":"https:\/\/noticierotamaulipeco.info\/index.php?rest_route=\/wp\/v2\/posts\/5221\/revisions"}],"predecessor-version":[{"id":5223,"href":"https:\/\/noticierotamaulipeco.info\/index.php?rest_route=\/wp\/v2\/posts\/5221\/revisions\/5223"}],"wp:featuredmedia":[{"embeddable":true,"href":"https:\/\/noticierotamaulipeco.info\/index.php?rest_route=\/wp\/v2\/media\/5222"}],"wp:attachment":[{"href":"https:\/\/noticierotamaulipeco.info\/index.php?rest_route=%2Fwp%2Fv2%2Fmedia&parent=5221"}],"wp:term":[{"taxonomy":"category","embeddable":true,"href":"https:\/\/noticierotamaulipeco.info\/index.php?rest_route=%2Fwp%2Fv2%2Fcategories&post=5221"},{"taxonomy":"post_tag","embeddable":true,"href":"https:\/\/noticierotamaulipeco.info\/index.php?rest_route=%2Fwp%2Fv2%2Ftags&post=5221"}],"curies":[{"name":"wp","href":"https:\/\/api.w.org\/{rel}","templated":true}]}}