{"id":5293,"date":"2025-05-10T16:57:25","date_gmt":"2025-05-10T16:57:25","guid":{"rendered":"https:\/\/noticierotamaulipeco.info\/?p=5293"},"modified":"2025-05-12T17:00:21","modified_gmt":"2025-05-12T17:00:21","slug":"ucrania-y-sus-principales-socios-europeos-exigen-a-rusia-un-alto-el-fuego-de-30-dias","status":"publish","type":"post","link":"https:\/\/noticierotamaulipeco.info\/?p=5293","title":{"rendered":"Ucrania y sus principales socios europeos exigen a Rusia un alto el fuego de 30 d\u00edas"},"content":{"rendered":"\n<p><strong>Ucrania, Francia, Reino Unido, Alemania e Italia exigen a Rusia<\/strong>\u00a0que declare este lunes un alto el fuego por tierra, mar y aire, con una duraci\u00f3n inicial de 30 d\u00edas que d\u00e9 dar un impulso a las negociaciones para poner<strong>\u00a0fin a la guerra,<\/strong>\u00a0seg\u00fan declar\u00f3 el presidente ucraniano,\u00a0<strong>Volod\u00edmir Zelenski,<\/strong>\u00a0tras reunirse en Kiev con los l\u00edderes del resto de pa\u00edses citados.<\/p>\n\n\n\n<p>Zelenski explic\u00f3 que este posicionamiento com\u00fan de&nbsp;<strong>Kiev<\/strong>&nbsp;y sus principales socios europeos ha sido tomado en coordinaci\u00f3n con Estados Unidos, y adelant\u00f3 que la negativa de&nbsp;<strong>Mosc\u00fa<\/strong>&nbsp;a dar este paso podr\u00eda conllevar la adopci\u00f3n de<strong>&nbsp;nuevas sanciones internacionales<\/strong>&nbsp;contra los sectores energ\u00e9tico y bancario de Rusia.<\/p>\n\n\n\n<p>Seg\u00fan explic\u00f3 en la misma rueda de prensa conjunta el presidente franc\u00e9s,&nbsp;<strong>Emmanuel Macron,<\/strong>&nbsp;EE.UU. se ocupar\u00e1 de verificar el cumplimiento del alto el fuego si se hace efectivo. En caso de violaci\u00f3n de la tregua, dijo el presidente franc\u00e9s, Rusia ser\u00e1 castigada con&nbsp;<strong>\u201csanciones masivas\u201d coordinadas entre Europa y EE.UU.<\/strong><\/p>\n\n\n\n<p>Macron agreg\u00f3 que el cese de las hostilidades permitir\u00eda que empezara a negociarse de \u201cinmediato\u201d sobre los territorios en disputa en esta guerra.<\/p>\n\n\n\n<p>Los primeros ministros de Reino Unido y Polonia<strong>, Keir Starmer y Donald Tusk<\/strong>, y el canciller alem\u00e1n,&nbsp;<strong>Friedrich Merz,<\/strong>&nbsp;secundaron lo anunciado por Zelenski y Macron en el palacio presidencial de Marinski en Kiev.<\/p>\n","protected":false},"excerpt":{"rendered":"<p>Ucrania, Francia, Reino Unido, Alemania e Italia exigen a Rusia\u00a0que declare este lunes un alto&#8230;<\/p>\n","protected":false},"author":1,"featured_media":5294,"comment_status":"open","ping_status":"open","sticky":false,"template":"","format":"standard","meta":{"footnotes":""},"categories":[5],"tags":[],"class_list":["post-5293","post","type-post","status-publish","format-standard","has-post-thumbnail","hentry","category-internacional"],"_links":{"self":[{"href":"https:\/\/noticierotamaulipeco.info\/index.php?rest_route=\/wp\/v2\/posts\/5293","targetHints":{"allow":["GET"]}}],"collection":[{"href":"https:\/\/noticierotamaulipeco.info\/index.php?rest_route=\/wp\/v2\/posts"}],"about":[{"href":"https:\/\/noticierotamaulipeco.info\/index.php?rest_route=\/wp\/v2\/types\/post"}],"author":[{"embeddable":true,"href":"https:\/\/noticierotamaulipeco.info\/index.php?rest_route=\/wp\/v2\/users\/1"}],"replies":[{"embeddable":true,"href":"https:\/\/noticierotamaulipeco.info\/index.php?rest_route=%2Fwp%2Fv2%2Fcomments&post=5293"}],"version-history":[{"count":1,"href":"https:\/\/noticierotamaulipeco.info\/index.php?rest_route=\/wp\/v2\/posts\/5293\/revisions"}],"predecessor-version":[{"id":5295,"href":"https:\/\/noticierotamaulipeco.info\/index.php?rest_route=\/wp\/v2\/posts\/5293\/revisions\/5295"}],"wp:featuredmedia":[{"embeddable":true,"href":"https:\/\/noticierotamaulipeco.info\/index.php?rest_route=\/wp\/v2\/media\/5294"}],"wp:attachment":[{"href":"https:\/\/noticierotamaulipeco.info\/index.php?rest_route=%2Fwp%2Fv2%2Fmedia&parent=5293"}],"wp:term":[{"taxonomy":"category","embeddable":true,"href":"https:\/\/noticierotamaulipeco.info\/index.php?rest_route=%2Fwp%2Fv2%2Fcategories&post=5293"},{"taxonomy":"post_tag","embeddable":true,"href":"https:\/\/noticierotamaulipeco.info\/index.php?rest_route=%2Fwp%2Fv2%2Ftags&post=5293"}],"curies":[{"name":"wp","href":"https:\/\/api.w.org\/{rel}","templated":true}]}}