{"id":5495,"date":"2025-04-21T19:30:11","date_gmt":"2025-04-21T19:30:11","guid":{"rendered":"https:\/\/noticierotamaulipeco.info\/?p=5495"},"modified":"2025-06-09T19:32:14","modified_gmt":"2025-06-09T19:32:14","slug":"listo-tamaulipas-para-el-macro-regional-de-atletismo","status":"publish","type":"post","link":"https:\/\/noticierotamaulipeco.info\/?p=5495","title":{"rendered":"Listo Tamaulipas para el Macro Regional de Atletismo"},"content":{"rendered":"\n<p>Ciudad Victoria, Tamaulipas.- Este 22 de abril a las 17:00 horas, Ciudad Victoria se convertir\u00e1 en el epicentro del atletismo juvenil al recibir el Macro Regional de Atletismo, competencia clasificatoria rumbo a la Olimpiada Nacional 2025.<\/p>\n\n\n\n<p>En conferencia de prensa, el director general del Instituto del Deporte de Tamaulipas, Manuel Viru\u00e9s Lozano, confirm\u00f3 que el Estadio Marte R. G\u00f3mez est\u00e1 completamente listo para albergar este importante evento.<\/p>\n\n\n\n<p>Participar\u00e1n 1,500 atletas provenientes de 11 estados de la regi\u00f3n: Baja California, Baja California Sur, Chihuahua, Sonora, Sinaloa, Coahuila, Zacatecas, Durango, San Luis Potos\u00ed, Nuevo Le\u00f3n y, por supuesto, Tamaulipas.<\/p>\n\n\n\n<p>\u201cGracias al respaldo del gobernador, tenemos este evento. La pista es nueva, fue inaugurada el a\u00f1o pasado, y \u00e9l nos pidi\u00f3 traer eventos de relevancia, y este es uno de ellos\u201d, expres\u00f3 Viru\u00e9s Lozano.<\/p>\n\n\n\n<p>Asimismo, se\u00f1al\u00f3 que esta competencia podr\u00eda servir como toma de marcas para integrar la Selecci\u00f3n Mexicana que participar\u00e1 en eventos internacionales.<\/p>\n\n\n\n<p>Por parte de Tamaulipas, se espera la participaci\u00f3n de poco m\u00e1s de 100 atletas, de los cuales al menos la mitad tiene altas posibilidades de conseguir su pase a la Olimpiada Nacional.<\/p>\n\n\n\n<p>\u201cTenemos mucho talento en nuestra delegaci\u00f3n. Les deseo el mayor de los \u00e9xitos; poco m\u00e1s de la mitad tiene el nivel para clasificar\u201d, afirm\u00f3.<\/p>\n\n\n\n<p>El director tambi\u00e9n destac\u00f3 la importancia de que eventos de este calibre lleguen al estado.<\/p>\n\n\n\n<p>\u201cEs un orgullo que voltean a ver a Tamaulipas, porque contamos con la infraestructura y la capacidad para albergar este tipo de competencias, agradezco a Rommel Pacheco, director de la CONADE, por darnos la confianza\u201d, puntualiz\u00f3.<\/p>\n\n\n\n<p>Por su parte, el director t\u00e9cnico del evento, David Dom\u00ednguez, avalado por la Federaci\u00f3n Mexicana de Atletismo, elogi\u00f3 la sede y el respaldo recibido.<\/p>\n\n\n\n<p>\u201cEs la mejor sede en cuanto a nivel deportivo. Tenemos las mejores instalaciones y todo lo que se ha solicitado, se nos ha dado. No hemos batallado como en otras regiones. Pr\u00e1cticamente, los m\u00e1s destacados de aqu\u00ed, es casi seguro que ganen medalla nacional\u201d, expuso.<\/p>\n\n\n\n<p>El Gobierno de Tamaulipas, encabezado por el gobernador Am\u00e9rico Villarreal Anaya, reafirma su compromiso social con el impulso del deporte a trav\u00e9s de este tipo de eventos que fortalecen el desarrollo de atletas tamaulipecos y de la econom\u00eda con el turismo deportivo.<\/p>\n","protected":false},"excerpt":{"rendered":"<p>Ciudad Victoria, Tamaulipas.- Este 22 de abril a las 17:00 horas, Ciudad Victoria se convertir\u00e1&#8230;<\/p>\n","protected":false},"author":1,"featured_media":5496,"comment_status":"open","ping_status":"open","sticky":false,"template":"","format":"standard","meta":{"footnotes":""},"categories":[2],"tags":[],"class_list":["post-5495","post","type-post","status-publish","format-standard","has-post-thumbnail","hentry","category-tamaulipas"],"_links":{"self":[{"href":"https:\/\/noticierotamaulipeco.info\/index.php?rest_route=\/wp\/v2\/posts\/5495","targetHints":{"allow":["GET"]}}],"collection":[{"href":"https:\/\/noticierotamaulipeco.info\/index.php?rest_route=\/wp\/v2\/posts"}],"about":[{"href":"https:\/\/noticierotamaulipeco.info\/index.php?rest_route=\/wp\/v2\/types\/post"}],"author":[{"embeddable":true,"href":"https:\/\/noticierotamaulipeco.info\/index.php?rest_route=\/wp\/v2\/users\/1"}],"replies":[{"embeddable":true,"href":"https:\/\/noticierotamaulipeco.info\/index.php?rest_route=%2Fwp%2Fv2%2Fcomments&post=5495"}],"version-history":[{"count":1,"href":"https:\/\/noticierotamaulipeco.info\/index.php?rest_route=\/wp\/v2\/posts\/5495\/revisions"}],"predecessor-version":[{"id":5497,"href":"https:\/\/noticierotamaulipeco.info\/index.php?rest_route=\/wp\/v2\/posts\/5495\/revisions\/5497"}],"wp:featuredmedia":[{"embeddable":true,"href":"https:\/\/noticierotamaulipeco.info\/index.php?rest_route=\/wp\/v2\/media\/5496"}],"wp:attachment":[{"href":"https:\/\/noticierotamaulipeco.info\/index.php?rest_route=%2Fwp%2Fv2%2Fmedia&parent=5495"}],"wp:term":[{"taxonomy":"category","embeddable":true,"href":"https:\/\/noticierotamaulipeco.info\/index.php?rest_route=%2Fwp%2Fv2%2Fcategories&post=5495"},{"taxonomy":"post_tag","embeddable":true,"href":"https:\/\/noticierotamaulipeco.info\/index.php?rest_route=%2Fwp%2Fv2%2Ftags&post=5495"}],"curies":[{"name":"wp","href":"https:\/\/api.w.org\/{rel}","templated":true}]}}