{"id":5516,"date":"2025-06-01T19:51:44","date_gmt":"2025-06-01T19:51:44","guid":{"rendered":"https:\/\/noticierotamaulipeco.info\/?p=5516"},"modified":"2025-06-09T19:53:24","modified_gmt":"2025-06-09T19:53:24","slug":"en-tamaulipas-se-desarrolla-una-jornada-electoral-en-paz-americo","status":"publish","type":"post","link":"https:\/\/noticierotamaulipeco.info\/?p=5516","title":{"rendered":"En Tamaulipas se desarrolla una jornada electoral en paz: Am\u00e9rico"},"content":{"rendered":"\n<p>Ciudad Victoria, Tamaulipas. \u2013 El gobernador Am\u00e9rico Villarreal Anaya acudi\u00f3 este domingo a emitir su voto para la elecci\u00f3n del Poder Judicial y asegur\u00f3 que \u00abtodo va muy bien\u00bb y se est\u00e1 votando en todos los municipios de Tamaulipas.<\/p>\n\n\n\n<p>\u00abAfortunadamente, hasta este momento no hay ning\u00fan incidente mayor\u00bb, expres\u00f3.<\/p>\n\n\n\n<p>Acompa\u00f1ado por la doctora Mar\u00eda de Villarreal, presidenta del DIF Estatal, el gobernador vot\u00f3, este mediod\u00eda, en la casilla 1593 B\u00e1sica, ubicada en las instalaciones de la Universidad Pedag\u00f3gica Nacional y reiter\u00f3 que en Tamaulipas est\u00e1n dadas las condiciones para que se desarrolle una jornada en paz.<\/p>\n\n\n\n<p>\u00abEl \u00faltimo reporte era que est\u00e1bamos un poquito arriba del 96% y el reporte que nos hab\u00edan dado es que en algunas casillas hab\u00eda sido necesario implementar a los ciudadanos, puesto que no se hab\u00edan completado los funcionarios de casilla debidamente establecidos previamente a trav\u00e9s del INE o del IETAM\u00bb, dijo.<\/p>\n\n\n\n<p>Antes de ingresar a la casilla a emitir su voto, Villarreal Anaya hizo un llamado a las y los tamaulipecos para que participen en esta hist\u00f3rica elecci\u00f3n.<\/p>\n\n\n\n<p>\u00abSalgan y sufraguen por los candidatos que consideren y conocen que pueden hacer un buen desempe\u00f1o y que esa sea la expresi\u00f3n de su deseo democr\u00e1tico \u00ab, mencion\u00f3.<\/p>\n","protected":false},"excerpt":{"rendered":"<p>Ciudad Victoria, Tamaulipas. \u2013 El gobernador Am\u00e9rico Villarreal Anaya acudi\u00f3 este domingo a emitir su&#8230;<\/p>\n","protected":false},"author":1,"featured_media":5517,"comment_status":"open","ping_status":"open","sticky":false,"template":"","format":"standard","meta":{"footnotes":""},"categories":[2],"tags":[],"class_list":["post-5516","post","type-post","status-publish","format-standard","has-post-thumbnail","hentry","category-tamaulipas"],"_links":{"self":[{"href":"https:\/\/noticierotamaulipeco.info\/index.php?rest_route=\/wp\/v2\/posts\/5516","targetHints":{"allow":["GET"]}}],"collection":[{"href":"https:\/\/noticierotamaulipeco.info\/index.php?rest_route=\/wp\/v2\/posts"}],"about":[{"href":"https:\/\/noticierotamaulipeco.info\/index.php?rest_route=\/wp\/v2\/types\/post"}],"author":[{"embeddable":true,"href":"https:\/\/noticierotamaulipeco.info\/index.php?rest_route=\/wp\/v2\/users\/1"}],"replies":[{"embeddable":true,"href":"https:\/\/noticierotamaulipeco.info\/index.php?rest_route=%2Fwp%2Fv2%2Fcomments&post=5516"}],"version-history":[{"count":1,"href":"https:\/\/noticierotamaulipeco.info\/index.php?rest_route=\/wp\/v2\/posts\/5516\/revisions"}],"predecessor-version":[{"id":5518,"href":"https:\/\/noticierotamaulipeco.info\/index.php?rest_route=\/wp\/v2\/posts\/5516\/revisions\/5518"}],"wp:featuredmedia":[{"embeddable":true,"href":"https:\/\/noticierotamaulipeco.info\/index.php?rest_route=\/wp\/v2\/media\/5517"}],"wp:attachment":[{"href":"https:\/\/noticierotamaulipeco.info\/index.php?rest_route=%2Fwp%2Fv2%2Fmedia&parent=5516"}],"wp:term":[{"taxonomy":"category","embeddable":true,"href":"https:\/\/noticierotamaulipeco.info\/index.php?rest_route=%2Fwp%2Fv2%2Fcategories&post=5516"},{"taxonomy":"post_tag","embeddable":true,"href":"https:\/\/noticierotamaulipeco.info\/index.php?rest_route=%2Fwp%2Fv2%2Ftags&post=5516"}],"curies":[{"name":"wp","href":"https:\/\/api.w.org\/{rel}","templated":true}]}}