{"id":5526,"date":"2025-01-17T17:13:16","date_gmt":"2025-01-17T17:13:16","guid":{"rendered":"https:\/\/noticierotamaulipeco.info\/?p=5526"},"modified":"2025-06-10T17:16:57","modified_gmt":"2025-06-10T17:16:57","slug":"mexico-y-la-union-europea-concluyen-negociaciones-para-modernizar-acuerdo-comercial","status":"publish","type":"post","link":"https:\/\/noticierotamaulipeco.info\/?p=5526","title":{"rendered":"M\u00e9xico y la Uni\u00f3n Europea concluyen negociaciones para modernizar acuerdo comercial"},"content":{"rendered":"\n<p>La&nbsp;<strong>Uni\u00f3n Europea<\/strong>&nbsp;y&nbsp;<strong>M\u00e9xico<\/strong>&nbsp;concluyeron este viernes las&nbsp;<strong>negociaciones<\/strong>&nbsp;para modernizar su acuerdo comercial y de asociaci\u00f3n, seg\u00fan inform\u00f3 la Comisi\u00f3n Europea en un comunicado.<\/p>\n\n\n\n<p>\u201cEl acuerdo&nbsp;<strong>pone en marcha un ambicioso y moderno marco<\/strong>&nbsp;para profundizar y ampliar el di\u00e1logo pol\u00edtico, la cooperaci\u00f3n y las relaciones econ\u00f3micas entre la UE y M\u00e9xico. Crear\u00e1 nuevas oportunidades econ\u00f3micas para ambos lados, incluyendo potencial de crecimiento de las exportaciones agroalimentarias de la UE a M\u00e9xico\u201d, dijo la instituci\u00f3n.<\/p>\n\n\n\n<p>El cierre de las negociaciones para modernizar el bautizado como Acuerdo Global con M\u00e9xico fue posible tras una conversaci\u00f3n entre el comisario europeo de Comercio,&nbsp;<strong>Maros Sefcovic<\/strong>, y el secretario de Econom\u00eda mexicano,&nbsp;<strong>Marcelo Ebrard<\/strong>. Una vez el texto sea firmado y ratificado sustituir\u00e1 al actual acuerdo, en vigor desde el a\u00f1o 2000.<\/p>\n\n\n\n<p>La conclusi\u00f3n de las conversaciones para modernizar el texto, que comenzaron en 2016, llega despu\u00e9s de que la UE cerrase a finales de 2024 su acuerdo comercial con el Mercosur tras m\u00e1s de dos d\u00e9cadas de tratativas y en v\u00edsperas de la llegada del republicano\u00a0<strong>Donald Trump<\/strong>\u00a0a la Casa Blanca, que ha dado un impulso a los esfuerzos del bloque europeo por lograr alianzas comerciales con socios afines.<\/p>\n\n\n\n<p>El acuerdo, indic\u00f3 la Comisi\u00f3n Europea, \u201cestablece la ambici\u00f3n conjunta de la UE y M\u00e9xico de promover y proteger los\u00a0<strong>derechos humanos<\/strong>, el\u00a0<strong>multilateralismo<\/strong>\u00a0y la\u00a0<strong>paz y seguridad<\/strong>\u00a0internacional\u201d, al tiempo que facilita la cooperaci\u00f3n estrat\u00e9gica en temas geopol\u00edticos clave, incluido para reducir los riesgos en las cadenas de suministros, asegurar un suministro sostenible de materias primas cr\u00edticas y abordar el cambio clim\u00e1tico.<\/p>\n\n\n\n<p>Asimismo permitir\u00e1 \u201cimpulsar sustancialmente\u201d el comercio entre los Veintisiete y el pa\u00eds centroamericano, que alcanz\u00f3 los\u00a0<strong>82 mil millones de euros<\/strong>\u00a0en el intercambio de bienes en 2023 y los 22 mil millones de euros en el comercio de servicios en 2022, lo que convierte a M\u00e9xico en el segundo socio comercial de la UE en Am\u00e9rica Latina, seg\u00fan datos de la instituci\u00f3n europea.<\/p>\n\n\n\n<p>\u201cLos exportadores europeos ganar\u00e1n nuevas oportunidades comerciales, incluyendo nuestros agricultores y empresas agroalimentarias. Este hist\u00f3rico acuerdo demuestra que un comercio abierto, basado en reglas, puede proporcionar prosperidad y seguridad econ\u00f3mica, as\u00ed como acci\u00f3n clim\u00e1tica y desarrollo sostenible\u201d, celebr\u00f3 la presidenta del Ejecutivo comunitario,\u00a0<strong>Ursula von der Leyen<\/strong>, quien dijo estar deseando trabajar con la presidenta de M\u00e9xico,\u00a0<strong>Claudia Sheinbaum<\/strong>, para \u201ccumplir las promesas\u201d del acuerdo.<\/p>\n\n\n\n<p>Tambi\u00e9n el Parlamento Europeo celebr\u00f3 la modernizaci\u00f3n de un pacto que podr\u00eda\u00a0<strong>aumentar las exportaciones europeas a M\u00e9xico en un 75%<\/strong>, ahorrar 100 millones de euros en aranceles a las empresas europeas, dar\u00e1 acceso a estas a las licitaciones p\u00fablicas mexicanas e incluye, por primera vez, una cl\u00e1usula anti-corrupci\u00f3n, seg\u00fan destac\u00f3 el ponente permanente de la instituci\u00f3n para M\u00e9xico, el eurodiputado espa\u00f1ol del PP Borja Gim\u00e9nez.<\/p>\n\n\n\n<p><\/p>\n","protected":false},"excerpt":{"rendered":"<p>La&nbsp;Uni\u00f3n Europea&nbsp;y&nbsp;M\u00e9xico&nbsp;concluyeron este viernes las&nbsp;negociaciones&nbsp;para modernizar su acuerdo comercial y de asociaci\u00f3n, seg\u00fan inform\u00f3 la&#8230;<\/p>\n","protected":false},"author":1,"featured_media":5527,"comment_status":"open","ping_status":"open","sticky":false,"template":"","format":"standard","meta":{"footnotes":""},"categories":[3],"tags":[],"class_list":["post-5526","post","type-post","status-publish","format-standard","has-post-thumbnail","hentry","category-mexico"],"_links":{"self":[{"href":"https:\/\/noticierotamaulipeco.info\/index.php?rest_route=\/wp\/v2\/posts\/5526","targetHints":{"allow":["GET"]}}],"collection":[{"href":"https:\/\/noticierotamaulipeco.info\/index.php?rest_route=\/wp\/v2\/posts"}],"about":[{"href":"https:\/\/noticierotamaulipeco.info\/index.php?rest_route=\/wp\/v2\/types\/post"}],"author":[{"embeddable":true,"href":"https:\/\/noticierotamaulipeco.info\/index.php?rest_route=\/wp\/v2\/users\/1"}],"replies":[{"embeddable":true,"href":"https:\/\/noticierotamaulipeco.info\/index.php?rest_route=%2Fwp%2Fv2%2Fcomments&post=5526"}],"version-history":[{"count":1,"href":"https:\/\/noticierotamaulipeco.info\/index.php?rest_route=\/wp\/v2\/posts\/5526\/revisions"}],"predecessor-version":[{"id":5528,"href":"https:\/\/noticierotamaulipeco.info\/index.php?rest_route=\/wp\/v2\/posts\/5526\/revisions\/5528"}],"wp:featuredmedia":[{"embeddable":true,"href":"https:\/\/noticierotamaulipeco.info\/index.php?rest_route=\/wp\/v2\/media\/5527"}],"wp:attachment":[{"href":"https:\/\/noticierotamaulipeco.info\/index.php?rest_route=%2Fwp%2Fv2%2Fmedia&parent=5526"}],"wp:term":[{"taxonomy":"category","embeddable":true,"href":"https:\/\/noticierotamaulipeco.info\/index.php?rest_route=%2Fwp%2Fv2%2Fcategories&post=5526"},{"taxonomy":"post_tag","embeddable":true,"href":"https:\/\/noticierotamaulipeco.info\/index.php?rest_route=%2Fwp%2Fv2%2Ftags&post=5526"}],"curies":[{"name":"wp","href":"https:\/\/api.w.org\/{rel}","templated":true}]}}