{"id":5538,"date":"2025-02-01T17:34:02","date_gmt":"2025-02-01T17:34:02","guid":{"rendered":"https:\/\/noticierotamaulipeco.info\/?p=5538"},"modified":"2025-06-10T17:44:20","modified_gmt":"2025-06-10T17:44:20","slug":"por-agresiones-voluntarios-de-la-cruz-roja-suspenden-temporalmente-actividades-en-culiacan","status":"publish","type":"post","link":"https:\/\/noticierotamaulipeco.info\/?p=5538","title":{"rendered":"Por agresiones, voluntarios de la Cruz Roja suspenden temporalmente actividades en Culiac\u00e1n"},"content":{"rendered":"\n<p>Voluntarios de la&nbsp;<strong>Cruz Roja Mexicana<\/strong>, a trav\u00e9s de un comunicado dirigido a la ciudadan\u00eda y medios de comunicaci\u00f3n, inform\u00f3 el&nbsp;<strong>cese temporal de sus actividades<\/strong>&nbsp;en la ciudad de&nbsp;<strong>Culiac\u00e1n, Sinaloa<\/strong>, resultado de la violencia que se vive, as\u00ed como de los<strong>&nbsp;\u201cataques y amenazas\u201d<\/strong>&nbsp;que han sufrido sus colaboradores.<\/p>\n\n\n\n<p>\u201cNosotros, los param\u00e9dicos voluntarios de Cruz Roja que a diario arriesgamos nuestra vida para<br>servir a la comunidad de Culiac\u00e1n, alzamos nuestra voz ante los recientes y alarmantes<br>ataques que hemos sufrido\u201d, se lee en el texto.<\/p>\n\n\n\n<p>Seg\u00fan explican, en las \u00faltimas semanas la ciudad \u201cha sido testigo de un&nbsp;<strong>alarmante incremento de violencia<\/strong>\u201cque afecta a diversos sectores de la sociedad; \u201ceste entorno hostil nos plantea desaf\u00edos inusuales que nos obligan a reflexionar sobre nuestra seguridad y la de aquellos a quienes servimos\u201d.<\/p>\n\n\n\n<p>En una preocupante situaci\u00f3n revelada en el comunicado, la Cruz Roja informa que sus voluntarios han sido objeto de amenazas y agresiones tanto&nbsp;<strong>f\u00edsicas<\/strong>&nbsp;como&nbsp;<strong>psicol\u00f3gicas<\/strong>&nbsp;que ponen en riesgo su seguridad, \u201cconfianza y bienestar de la comunidad\u201d.<\/p>\n\n\n\n<p>Con esto, dieron pie a enlistar algunas de estas situaciones que se han vivido en los \u00faltimos d\u00edas:<\/p>\n\n\n\n<ul class=\"wp-block-list\">\n<li>Lunes 20 de enero hombres armados cierran el paso a ambulancia de cruz roja y amenazan a los param\u00e9dicos quienes ven\u00edan de atender a un hombre enfermo.<\/li>\n\n\n\n<li>Jueves 23 de enero un grupo de sujetos armados despojaron una ambulancia de Cruz Roja Culiac\u00e1n para rematar a un hombre que fue baleado.<\/li>\n\n\n\n<li>S\u00e1bado 25 de enero tres param\u00e9dicos de Cruz Roja fueron interceptados y amenazados con armas por sujetos desconocidos. Tras la agresi\u00f3n el servicio de urgencias no pudo salir a atender a los llamados de emergencia de la ciudadan\u00eda por varios minutos.<\/li>\n\n\n\n<li>Viernes 31 de enero dos param\u00e9dicos de Cruz Roja, fueron agredidos f\u00edsicamente por sujetos desconocidos cuando acud\u00edan a brindar un servicio. Los socorristas salieron a atender un servicio y en el trayecto fueron interceptados y sometidos por hombres desconocidos y armados. Durante la agresi\u00f3n, los sujetos golpearon de un cachazo en la cabeza a la mujer param\u00e9dico, mientras que a su compa\u00f1ero le amarraron las manos con cinchos y lo golpearon contra la ambulancia, impidiendo que brindaran ayuda oportuna al paciente que hizo el llamado de emergencia.<\/li>\n<\/ul>\n\n\n\n<p>Debido a esta obstaculizaci\u00f3n para su actuar, y de forma preventiva ante la violencia, \u201ccon un profundo pesar\u201d anunciaron que como voluntarios de Cruz Roja, \u201cnos vemos obligados a&nbsp;<strong>suspender temporalmente la prestaci\u00f3n de nuestros servicios en la zona<\/strong>\u201c.<\/p>\n\n\n\n<p>Asimismo, se lanz\u00f3 una&nbsp;<strong>petici\u00f3n para tomar medidas<\/strong>&nbsp;en contra de la situaci\u00f3n de miedo generalizada en Culiac\u00e1n.<\/p>\n\n\n\n<p>Por todo esto, ma\u00f1ana&nbsp;<strong>domingo 02 de febrero<\/strong>, a las 10 horas de la ma\u00f1ana, miembros voluntarios de la Cruz Roja estar\u00e1n en catedral como \u201co&nbsp;<strong>s\u00edmbolo de protesta pac\u00edfica<\/strong>&nbsp;por los actos de violencia que han sufrido nuestros compa\u00f1eros\u201d.<\/p>\n\n\n\n<p><\/p>\n","protected":false},"excerpt":{"rendered":"<p>Voluntarios de la&nbsp;Cruz Roja Mexicana, a trav\u00e9s de un comunicado dirigido a la ciudadan\u00eda y&#8230;<\/p>\n","protected":false},"author":1,"featured_media":5539,"comment_status":"open","ping_status":"open","sticky":false,"template":"","format":"standard","meta":{"footnotes":""},"categories":[3],"tags":[],"class_list":["post-5538","post","type-post","status-publish","format-standard","has-post-thumbnail","hentry","category-mexico"],"_links":{"self":[{"href":"https:\/\/noticierotamaulipeco.info\/index.php?rest_route=\/wp\/v2\/posts\/5538","targetHints":{"allow":["GET"]}}],"collection":[{"href":"https:\/\/noticierotamaulipeco.info\/index.php?rest_route=\/wp\/v2\/posts"}],"about":[{"href":"https:\/\/noticierotamaulipeco.info\/index.php?rest_route=\/wp\/v2\/types\/post"}],"author":[{"embeddable":true,"href":"https:\/\/noticierotamaulipeco.info\/index.php?rest_route=\/wp\/v2\/users\/1"}],"replies":[{"embeddable":true,"href":"https:\/\/noticierotamaulipeco.info\/index.php?rest_route=%2Fwp%2Fv2%2Fcomments&post=5538"}],"version-history":[{"count":1,"href":"https:\/\/noticierotamaulipeco.info\/index.php?rest_route=\/wp\/v2\/posts\/5538\/revisions"}],"predecessor-version":[{"id":5540,"href":"https:\/\/noticierotamaulipeco.info\/index.php?rest_route=\/wp\/v2\/posts\/5538\/revisions\/5540"}],"wp:featuredmedia":[{"embeddable":true,"href":"https:\/\/noticierotamaulipeco.info\/index.php?rest_route=\/wp\/v2\/media\/5539"}],"wp:attachment":[{"href":"https:\/\/noticierotamaulipeco.info\/index.php?rest_route=%2Fwp%2Fv2%2Fmedia&parent=5538"}],"wp:term":[{"taxonomy":"category","embeddable":true,"href":"https:\/\/noticierotamaulipeco.info\/index.php?rest_route=%2Fwp%2Fv2%2Fcategories&post=5538"},{"taxonomy":"post_tag","embeddable":true,"href":"https:\/\/noticierotamaulipeco.info\/index.php?rest_route=%2Fwp%2Fv2%2Ftags&post=5538"}],"curies":[{"name":"wp","href":"https:\/\/api.w.org\/{rel}","templated":true}]}}