{"id":5567,"date":"2025-03-17T19:01:27","date_gmt":"2025-03-17T19:01:27","guid":{"rendered":"https:\/\/noticierotamaulipeco.info\/?p=5567"},"modified":"2025-06-10T19:06:49","modified_gmt":"2025-06-10T19:06:49","slug":"sheinbaum-anuncia-reformas-para-usar-toda-la-fuerza-del-estado-ante-las-desapariciones","status":"publish","type":"post","link":"https:\/\/noticierotamaulipeco.info\/?p=5567","title":{"rendered":"Sheinbaum anuncia reformas para usar &#8216;toda la fuerza del Estado&#8217; ante las desapariciones"},"content":{"rendered":"\n<p>La presidenta mexicana,<strong>&nbsp;Claudia Sheinbaum<\/strong>, anunci\u00f3 este lunes reformas para usar&nbsp;<strong>\u201ctoda la fuerza del Estado\u201d<\/strong>&nbsp;ante las crisis y protestas de personas desaparecidas tras el hallazgo de un presunto campo de exterminio del narcotr\u00e1fico en Jalisco,&nbsp;<strong>estado del occidente del pa\u00eds.<\/strong><\/p>\n\n\n\n<p>Entre las medidas, la mandataria destac\u00f3 en su conferencia diaria cambios a la Ley General en Materia de Desaparici\u00f3n Forzada para crear la \u201cbase \u00fanica de informaci\u00f3n forense\u201d con datos de las 32 fiscal\u00edas estatales y la&nbsp;<strong>Fiscal\u00eda General de la Rep\u00fablica (FGR)<\/strong>, as\u00ed como una nueva \u201cplataforma federal de identificaci\u00f3n humana\u201d.<\/p>\n\n\n\n<p>\u201cEn el pasado, la desaparici\u00f3n en M\u00e9xico era perpetrada por el Estado, ahora est\u00e1 principalmente vinculada a la delincuencia organizada. En cualquier caso es un delito grave que debe prevenirse, atenderse y sancionarse y, por ello, actuaremos en el marco de la ley y con toda la fuerza del Estado\u201d,&nbsp;<strong>manifest\u00f3.<\/strong><\/p>\n\n\n\n<p>Las acciones se anuncian despu\u00e9s de que familias de personas desaparecidas de todo el pa\u00eds protestaron tras los hallazgos en un rancho en la localidad de\u00a0<strong>Teuchitl\u00e1n<\/strong>, en Jalisco, donde el grupo\u00a0<strong>Guerreros Buscadores de Jalisco<\/strong>\u00a0denunci\u00f3 haber encontrado un \u201ccampo de concentraci\u00f3n de reclutamiento\u201d del crimen organizado.<\/p>\n\n\n\n<p>Los ciudadanos encontraron ropa, en su mayor\u00eda de mujeres, as\u00ed como 400 pares de zapatos en la zona, donde aseguraron que la Guardia Nacional encontr\u00f3 el a\u00f1o pasado un centro de entrenamiento forzado del Cartel Jalisco Nueva Generaci\u00f3n&nbsp;<strong>(CJNG)<\/strong>, que Estados Unidos ha catalogado como una asociaci\u00f3n terrorista.<\/p>\n\n\n\n<p>\u201cEstamos comprometidos en brindar certeza y verdad a las familias de las personas de desaparecidas, esclarecer los hechos mediante la informaci\u00f3n que se obtenga de la evidencia cient\u00edfica y se persiga a los responsables. No habr\u00e1 impunidad. Nunca ocultaremos nada\u201d,&nbsp;<strong>prometi\u00f3 Sheinbaum al respecto.<\/strong><\/p>\n\n\n\n<p>La presidenta, quien adelant\u00f3 que la Fiscal\u00eda General de la Rep\u00fablica presentar\u00e1 el mi\u00e9rcoles un informe\u00a0<strong>sobre el caso<\/strong>, tambi\u00e9n anunci\u00f3 un decreto para fortalecer la Comisi\u00f3n Nacional de B\u00fasqueda \u201campliar su capacidad de atenci\u00f3n, an\u00e1lisis de contexto y la adquisici\u00f3n de equipos tecnol\u00f3gicos\u201d.<\/p>\n\n\n\n<p>Tambi\u00e9n, habr\u00e1 una reforma a la Ley General de Poblaci\u00f3n para que la \u201cClave \u00danica de Registro de Poblaci\u00f3n\u201d sea la&nbsp;<strong>fuente \u00fanica de identificaci\u00f3n de personas<\/strong>&nbsp;y todas las dependencias puedan usarla para buscar a alguien.<\/p>\n\n\n\n<p>Asimismo, fortalecer\u00e1 el<strong>&nbsp;Centro Nacional de Identificaci\u00f3n Humana,<\/strong>&nbsp;que cre\u00f3 el Gobierno anterior, del expresidente Andr\u00e9s Manuel L\u00f3pez Obrador (2018-2024), ante la crisis de m\u00e1s de 50.000 cuerpos sin identificar.<\/p>\n\n\n\n<p>Prometi\u00f3, adem\u00e1s, nuevos protocolos para generar una alerta de b\u00fasqueda inmediata de todas las corporaciones y entidades del pa\u00eds, abrir de inmediato investigaciones sin necesidad de esperar&nbsp;<strong>72 horas,<\/strong>&nbsp;equiparar el delito de desaparici\u00f3n al de secuestro y la publicaci\u00f3n mensual de las cifras de carpetas de investigaci\u00f3n.<\/p>\n\n\n\n<p>M\u00e9xico acumula a la fecha m\u00e1s de 120.000 personas desaparecidas, seg\u00fan datos del Registro Nacional de Personas Desaparecidas y No Localizadas\u00a0<strong>(RNPDNO)<\/strong>, que contabiliza las desapariciones registradas desde la d\u00e9cada de 1960.<\/p>\n\n\n\n<p><\/p>\n","protected":false},"excerpt":{"rendered":"<p>La presidenta mexicana,&nbsp;Claudia Sheinbaum, anunci\u00f3 este lunes reformas para usar&nbsp;\u201ctoda la fuerza del Estado\u201d&nbsp;ante las&#8230;<\/p>\n","protected":false},"author":1,"featured_media":5576,"comment_status":"open","ping_status":"open","sticky":false,"template":"","format":"standard","meta":{"footnotes":""},"categories":[3],"tags":[],"class_list":["post-5567","post","type-post","status-publish","format-standard","has-post-thumbnail","hentry","category-mexico"],"_links":{"self":[{"href":"https:\/\/noticierotamaulipeco.info\/index.php?rest_route=\/wp\/v2\/posts\/5567","targetHints":{"allow":["GET"]}}],"collection":[{"href":"https:\/\/noticierotamaulipeco.info\/index.php?rest_route=\/wp\/v2\/posts"}],"about":[{"href":"https:\/\/noticierotamaulipeco.info\/index.php?rest_route=\/wp\/v2\/types\/post"}],"author":[{"embeddable":true,"href":"https:\/\/noticierotamaulipeco.info\/index.php?rest_route=\/wp\/v2\/users\/1"}],"replies":[{"embeddable":true,"href":"https:\/\/noticierotamaulipeco.info\/index.php?rest_route=%2Fwp%2Fv2%2Fcomments&post=5567"}],"version-history":[{"count":1,"href":"https:\/\/noticierotamaulipeco.info\/index.php?rest_route=\/wp\/v2\/posts\/5567\/revisions"}],"predecessor-version":[{"id":5577,"href":"https:\/\/noticierotamaulipeco.info\/index.php?rest_route=\/wp\/v2\/posts\/5567\/revisions\/5577"}],"wp:featuredmedia":[{"embeddable":true,"href":"https:\/\/noticierotamaulipeco.info\/index.php?rest_route=\/wp\/v2\/media\/5576"}],"wp:attachment":[{"href":"https:\/\/noticierotamaulipeco.info\/index.php?rest_route=%2Fwp%2Fv2%2Fmedia&parent=5567"}],"wp:term":[{"taxonomy":"category","embeddable":true,"href":"https:\/\/noticierotamaulipeco.info\/index.php?rest_route=%2Fwp%2Fv2%2Fcategories&post=5567"},{"taxonomy":"post_tag","embeddable":true,"href":"https:\/\/noticierotamaulipeco.info\/index.php?rest_route=%2Fwp%2Fv2%2Ftags&post=5567"}],"curies":[{"name":"wp","href":"https:\/\/api.w.org\/{rel}","templated":true}]}}