{"id":5578,"date":"2025-03-21T19:06:51","date_gmt":"2025-03-21T19:06:51","guid":{"rendered":"https:\/\/noticierotamaulipeco.info\/?p=5578"},"modified":"2025-06-10T19:10:08","modified_gmt":"2025-06-10T19:10:08","slug":"fiscalia-de-guerrero-investiga-si-jornaleros-desaparecidos-fueron-victimas-en-rancho-izaguirre","status":"publish","type":"post","link":"https:\/\/noticierotamaulipeco.info\/?p=5578","title":{"rendered":"Fiscal\u00eda de Guerrero investiga si jornaleros desaparecidos fueron v\u00edctimas en Rancho Izaguirre"},"content":{"rendered":"\n<p>La&nbsp;<strong>Fiscal\u00eda General de Guerrero<\/strong>&nbsp;inform\u00f3 este viernes que investiga si un grupo de jornaleros desaparecidos tienen relaci\u00f3n con trabajos agr\u00edcolas en&nbsp;<strong>Jalisco<\/strong>.<\/p>\n\n\n\n<p>En redes sociales varios medios locales reportaron que desde hace a\u00f1os&nbsp;<strong>jornaleros guerrerenses hab\u00edan denunciado que fueron reclutados, algunos de manera forzada y otros con enga\u00f1os<\/strong>, a realizar trabajos agr\u00edcolas en Jalisco.<\/p>\n\n\n\n<p>Incluso uno de los jornaleros identificado como Roberto, afirm\u00f3 a la periodista Azucena Uresti que fue reclutado en 2023 junto a otros 70 trabajadores en el Rancho Izaguirre, luego de&nbsp;<strong>ser enga\u00f1ados sobre la entrega de una&nbsp;visa H-2A&nbsp;y trabajo en&nbsp;<\/strong><strong>Estados Unidos<\/strong>.<\/p>\n\n\n\n<p>Seg\u00fan la versi\u00f3n de Roberto, la invitaci\u00f3n para aprovechar esta oportunidad surgi\u00f3 de las&nbsp;<strong>autoridades del municipio de Chilpancingo, Guerrero<\/strong>.<\/p>\n\n\n\n<p>Roberto asegur\u00f3 en la entrevista que presuntamente ser\u00edan capacitados en Guanajuato; sin embargo, fueron trasladados a Jalisco que, a su decir, identific\u00f3 como el Rancho Izaguirre, en el municipio de Teuchitl\u00e1n. Les prometieron que al a\u00f1o de trabajar en ese sitio les entregar\u00edan la presunta visa.&nbsp;<strong>Al percatarse de hombres armados en el lugar y las situaciones precarias huy\u00f3 del lugar<\/strong>.<\/p>\n\n\n\n<p>Por su parte, la Fiscal\u00eda de Guerrero inform\u00f3 en un comunicado que inici\u00f3 de oficio una carpeta de investigaci\u00f3n con el fin de esclarecer los hechos en virtud de la informaci\u00f3n difundida sobre la posible existencia de desaparici\u00f3n de v\u00edctimas originarias de Guerrero\u00a0<strong>relacionadas con trabajos agr\u00edcolas en Jalisco<\/strong>.<\/p>\n\n\n\n<p>En ese sentido, la Fiscal\u00eda apunt\u00f3 que realiza los primeros actos tendientes a\u00a0<strong>recabar informaci\u00f3n relevante<\/strong>\u00a0que sea integrada a la mencionada carpeta.<\/p>\n\n\n\n<p>Resalt\u00f3 que esta instituci\u00f3n de procuraci\u00f3n de justicia act\u00faa dentro del marco de sus funciones y atribuciones legales para dar certeza jur\u00eddica a los hechos dados a conocer y\u00a0<strong>garantizar el acceso a la justicia de las v\u00edctimas<\/strong>\u00a0que pudieran ser identificadas durante el transcurso de las indagatorias.<\/p>\n\n\n\n<p><\/p>\n","protected":false},"excerpt":{"rendered":"<p>La&nbsp;Fiscal\u00eda General de Guerrero&nbsp;inform\u00f3 este viernes que investiga si un grupo de jornaleros desaparecidos tienen&#8230;<\/p>\n","protected":false},"author":1,"featured_media":5582,"comment_status":"open","ping_status":"open","sticky":false,"template":"","format":"standard","meta":{"footnotes":""},"categories":[3],"tags":[],"class_list":["post-5578","post","type-post","status-publish","format-standard","has-post-thumbnail","hentry","category-mexico"],"_links":{"self":[{"href":"https:\/\/noticierotamaulipeco.info\/index.php?rest_route=\/wp\/v2\/posts\/5578","targetHints":{"allow":["GET"]}}],"collection":[{"href":"https:\/\/noticierotamaulipeco.info\/index.php?rest_route=\/wp\/v2\/posts"}],"about":[{"href":"https:\/\/noticierotamaulipeco.info\/index.php?rest_route=\/wp\/v2\/types\/post"}],"author":[{"embeddable":true,"href":"https:\/\/noticierotamaulipeco.info\/index.php?rest_route=\/wp\/v2\/users\/1"}],"replies":[{"embeddable":true,"href":"https:\/\/noticierotamaulipeco.info\/index.php?rest_route=%2Fwp%2Fv2%2Fcomments&post=5578"}],"version-history":[{"count":1,"href":"https:\/\/noticierotamaulipeco.info\/index.php?rest_route=\/wp\/v2\/posts\/5578\/revisions"}],"predecessor-version":[{"id":5583,"href":"https:\/\/noticierotamaulipeco.info\/index.php?rest_route=\/wp\/v2\/posts\/5578\/revisions\/5583"}],"wp:featuredmedia":[{"embeddable":true,"href":"https:\/\/noticierotamaulipeco.info\/index.php?rest_route=\/wp\/v2\/media\/5582"}],"wp:attachment":[{"href":"https:\/\/noticierotamaulipeco.info\/index.php?rest_route=%2Fwp%2Fv2%2Fmedia&parent=5578"}],"wp:term":[{"taxonomy":"category","embeddable":true,"href":"https:\/\/noticierotamaulipeco.info\/index.php?rest_route=%2Fwp%2Fv2%2Fcategories&post=5578"},{"taxonomy":"post_tag","embeddable":true,"href":"https:\/\/noticierotamaulipeco.info\/index.php?rest_route=%2Fwp%2Fv2%2Ftags&post=5578"}],"curies":[{"name":"wp","href":"https:\/\/api.w.org\/{rel}","templated":true}]}}