{"id":5597,"date":"2025-04-16T19:42:40","date_gmt":"2025-04-16T19:42:40","guid":{"rendered":"https:\/\/noticierotamaulipeco.info\/?p=5597"},"modified":"2025-06-10T19:44:13","modified_gmt":"2025-06-10T19:44:13","slug":"mexico-no-reanudara-relaciones-con-ecuador-tras-dudoso-triunfo-de-noboa","status":"publish","type":"post","link":"https:\/\/noticierotamaulipeco.info\/?p=5597","title":{"rendered":"M\u00e9xico no reanudar\u00e1 relaciones con Ecuador tras &#8216;dudoso&#8217; triunfo de Noboa"},"content":{"rendered":"\n<p>La presidenta&nbsp;<strong>Claudia Sheinbaum<\/strong>&nbsp;asever\u00f3 este mi\u00e9rcoles que M\u00e9xico&nbsp;<strong>no reanudar\u00e1 relaciones con Ecuador<\/strong>&nbsp;mientras&nbsp;<strong>Daniel Noboa<\/strong>&nbsp;sea el mandatario del pa\u00eds suramericano y tach\u00f3 de \u201cdudoso\u201d su triunfo en las elecciones del domingo.<\/p>\n\n\n\n<p>\u201cNo se van a reanudar las relaciones y, adem\u00e1s,&nbsp;<strong>fue muy dudoso su triunfo<\/strong>, en particular reconocido por la propia OEA (<strong>Organizaci\u00f3n de Estados Americanos<\/strong>), ya ni siquiera es otro organismo internacional\u201d, manifest\u00f3 la gobernante mexicana en su conferencia matutina.<\/p>\n\n\n\n<p>Sheinbaum resalt\u00f3 que el presidente de Colombia,&nbsp;<strong>Gustavo Petro<\/strong>, afirm\u00f3 este martes que&nbsp;<strong>no puede reconocer las elecciones ecuatorianas<\/strong>&nbsp;en las que Noboa gan\u00f3 la reelecci\u00f3n para el periodo 2025-2029.<\/p>\n\n\n\n<p>Noboa obtuvo el domingo el&nbsp;<strong>55.6% de los votos<\/strong>, mientras que la candidata corre\u00edsta Luisa Gonz\u00e1lez recibi\u00f3 el 44.4%, resultados que no reconoce pero ya est\u00e1n avalados por las misiones de observaci\u00f3n electoral de la Uni\u00f3n Europea (UE) y de la OEA.<\/p>\n\n\n\n<p>La presidenta record\u00f3 que no existen relaciones con Ecuador desde abril de 2024, cuando la&nbsp;<strong>Polic\u00eda ecuatoriana allan\u00f3 la Embajada de M\u00e9xico en Quito<\/strong>&nbsp;para detener a&nbsp;<strong>Jorge Glas<\/strong>, exvicepresidente de Ecuador (2013-2018) acusado de corrupci\u00f3n.<\/p>\n\n\n\n<p>\u201cLa otra candidata est\u00e1 diciendo que hubo un fraude, entonces de nuestra parte no van a reanudarse las relaciones con Ecuador. No hay condiciones para que eso ocurriera y para empezar tienen a una persona presa que estaba dentro de la Embajada\u201d.<\/p>\n\n\n\n<p>Sheinbaum, quien en febrero expres\u00f3 su deseo de que Ecuador tuviese una \u201cpresidenta con a\u201d y se reanudaran las relaciones con M\u00e9xico, sostuvo ahora que \u201cla OEA dice s\u00ed gan\u00f3 Noboa, pero&nbsp;<strong>no fue justa la contienda<\/strong>, y varios observadores internacionales\u201d coinciden en ello.<\/p>\n\n\n\n<p>Por ejemplo, asegur\u00f3 que \u201cno hubo licencia (para dejar el cargo p\u00fablico) de quien gan\u00f3 la elecci\u00f3n, entre comillas\u201d.<\/p>\n\n\n\n<p>\u201cNosotros, para empezar, no tenemos relaciones con Ecuador ni vamos a seguir teniendo relaciones con Ecuador mientras Noboa ejerza el cargo de presidente porque \u00e9l fue el responsable de la&nbsp;<strong>invasi\u00f3n<\/strong>&nbsp;a la Embajada de M\u00e9xico, a nuestra soberan\u00eda\u201d, expres\u00f3.<\/p>\n\n\n\n<p><\/p>\n","protected":false},"excerpt":{"rendered":"<p>La presidenta&nbsp;Claudia Sheinbaum&nbsp;asever\u00f3 este mi\u00e9rcoles que M\u00e9xico&nbsp;no reanudar\u00e1 relaciones con Ecuador&nbsp;mientras&nbsp;Daniel Noboa&nbsp;sea el mandatario del&#8230;<\/p>\n","protected":false},"author":1,"featured_media":5598,"comment_status":"open","ping_status":"open","sticky":false,"template":"","format":"standard","meta":{"footnotes":""},"categories":[3],"tags":[],"class_list":["post-5597","post","type-post","status-publish","format-standard","has-post-thumbnail","hentry","category-mexico"],"_links":{"self":[{"href":"https:\/\/noticierotamaulipeco.info\/index.php?rest_route=\/wp\/v2\/posts\/5597","targetHints":{"allow":["GET"]}}],"collection":[{"href":"https:\/\/noticierotamaulipeco.info\/index.php?rest_route=\/wp\/v2\/posts"}],"about":[{"href":"https:\/\/noticierotamaulipeco.info\/index.php?rest_route=\/wp\/v2\/types\/post"}],"author":[{"embeddable":true,"href":"https:\/\/noticierotamaulipeco.info\/index.php?rest_route=\/wp\/v2\/users\/1"}],"replies":[{"embeddable":true,"href":"https:\/\/noticierotamaulipeco.info\/index.php?rest_route=%2Fwp%2Fv2%2Fcomments&post=5597"}],"version-history":[{"count":1,"href":"https:\/\/noticierotamaulipeco.info\/index.php?rest_route=\/wp\/v2\/posts\/5597\/revisions"}],"predecessor-version":[{"id":5599,"href":"https:\/\/noticierotamaulipeco.info\/index.php?rest_route=\/wp\/v2\/posts\/5597\/revisions\/5599"}],"wp:featuredmedia":[{"embeddable":true,"href":"https:\/\/noticierotamaulipeco.info\/index.php?rest_route=\/wp\/v2\/media\/5598"}],"wp:attachment":[{"href":"https:\/\/noticierotamaulipeco.info\/index.php?rest_route=%2Fwp%2Fv2%2Fmedia&parent=5597"}],"wp:term":[{"taxonomy":"category","embeddable":true,"href":"https:\/\/noticierotamaulipeco.info\/index.php?rest_route=%2Fwp%2Fv2%2Fcategories&post=5597"},{"taxonomy":"post_tag","embeddable":true,"href":"https:\/\/noticierotamaulipeco.info\/index.php?rest_route=%2Fwp%2Fv2%2Ftags&post=5597"}],"curies":[{"name":"wp","href":"https:\/\/api.w.org\/{rel}","templated":true}]}}