{"id":5652,"date":"2025-02-10T17:18:42","date_gmt":"2025-02-10T17:18:42","guid":{"rendered":"https:\/\/noticierotamaulipeco.info\/?p=5652"},"modified":"2025-06-11T17:22:37","modified_gmt":"2025-06-11T17:22:37","slug":"carlos-slim-dice-que-aranceles-de-trump-causarian-una-explosion-de-la-inflacion-en-ee-uu","status":"publish","type":"post","link":"https:\/\/noticierotamaulipeco.info\/?p=5652","title":{"rendered":"Carlos Slim dice que aranceles de Trump causar\u00edan \u201cuna explosi\u00f3n\u201d de la inflaci\u00f3n en EE.UU."},"content":{"rendered":"\n<p><strong>Carlos Slim Hel\u00fa<\/strong>&nbsp;afirm\u00f3 este lunes que los aranceles propuestos por el presidente estadounidense, Donald Trump, \u201cno funcionan\u201d, ya que acabar\u00edan provocando&nbsp;<strong>\u201cuna explosi\u00f3n\u201d de la inflaci\u00f3n,<\/strong>&nbsp;por lo que asegur\u00f3 que \u201cson una estrategia de negociaci\u00f3n\u201d.<\/p>\n\n\n\n<blockquote class=\"wp-block-quote is-layout-flow wp-block-quote-is-layout-flow\">\n<p>\u201cLos aranceles no funcionan, suben la inflaci\u00f3n, yo creo que esos aranceles no resuelven los problemas. Creo que ser\u00eda interesante que reduzca el gasto en muchas cosas y, por otro lado, lo conduzca a la inversi\u00f3n\u201d, remarc\u00f3 Slim en una prolongada conferencia de prensa en Ciudad de M\u00e9xico.<\/p>\n<\/blockquote>\n\n\n\n<p>Slim minimiz\u00f3 la amenaza arancelaria al asegurar que son parte de una estrategia de&nbsp;<strong>\u201cnegociaci\u00f3n\u201d,<\/strong>&nbsp;por lo que pronostic\u00f3 que Trump no los acabar\u00e1 imponiendo pese a sus amenazas.<\/p>\n\n\n\n<blockquote class=\"wp-block-quote is-layout-flow wp-block-quote-is-layout-flow\">\n<p>\u201cYo creo que nova a imponer un arancel general. Si todo lo que se importe a Estados lleva el 25 por ciento, la inflaci\u00f3n va a ser una explosi\u00f3n. Yo creo que lo que tiene que hacer Estados Unidos es volver a agarrar el liderazgo mundial\u201d, vaticin\u00f3 el presidente honorario y vitalicio de Grupo Carso y Am\u00e9rica M\u00f3vil (AMX).<\/p>\n<\/blockquote>\n\n\n\n<p>Trump se\u00f1al\u00f3 que este lunes impondr\u00e1 un arancel del 25% a&nbsp;<strong>todas las importaciones de acero y aluminio<\/strong>&nbsp;a Estados Unidos, medidas que todav\u00eda no ha ratificado, algo que impactar\u00eda especialmente a M\u00e9xico, pa\u00eds que env\u00eda a su vecino del norte el 80% de su producci\u00f3n de ambos metales.<\/p>\n\n\n\n<p>Slim, de 85 a\u00f1os y la persona m\u00e1s rica de M\u00e9xico, reconoci\u00f3 que&nbsp;<strong>Estados Unidos no est\u00e1 en \u201cun buen momento\u201d econ\u00f3mico<\/strong>, pero recomend\u00f3 que lo que tiene que hacer es \u201cfortalecer la inversi\u00f3n y reducir los gastos\u201d.<\/p>\n\n\n\n<p>Las tensiones arancelarias han crecido desde la llegada de Trump a la Casa Blanca el pasado 20 de enero, tras amenazar con<strong>&nbsp;imponer aranceles a todos los productos mexicanos<\/strong>&nbsp;a partir de comienzos de febrero.<\/p>\n\n\n\n<p>Sin embargo, las negociaciones en el \u00faltimo minuto entre Trump y la presidenta mexicana, Claudia Sheinbaum, permitieron un acuerdo por el que Washington aplazaba estas sanciones comerciales por un mes mientras M\u00e9xico reforzaba la&nbsp;<strong>vigilancia fronteriza para frenar el flujo de drogas y la migraci\u00f3n irregular<\/strong>&nbsp;con el despliegue de 10 mil soldados m\u00e1s a la frontera entre ambos pa\u00edses.<\/p>\n","protected":false},"excerpt":{"rendered":"<p>Carlos Slim Hel\u00fa&nbsp;afirm\u00f3 este lunes que los aranceles propuestos por el presidente estadounidense, Donald Trump,&#8230;<\/p>\n","protected":false},"author":1,"featured_media":5653,"comment_status":"open","ping_status":"open","sticky":false,"template":"","format":"standard","meta":{"footnotes":""},"categories":[5],"tags":[],"class_list":["post-5652","post","type-post","status-publish","format-standard","has-post-thumbnail","hentry","category-internacional"],"_links":{"self":[{"href":"https:\/\/noticierotamaulipeco.info\/index.php?rest_route=\/wp\/v2\/posts\/5652","targetHints":{"allow":["GET"]}}],"collection":[{"href":"https:\/\/noticierotamaulipeco.info\/index.php?rest_route=\/wp\/v2\/posts"}],"about":[{"href":"https:\/\/noticierotamaulipeco.info\/index.php?rest_route=\/wp\/v2\/types\/post"}],"author":[{"embeddable":true,"href":"https:\/\/noticierotamaulipeco.info\/index.php?rest_route=\/wp\/v2\/users\/1"}],"replies":[{"embeddable":true,"href":"https:\/\/noticierotamaulipeco.info\/index.php?rest_route=%2Fwp%2Fv2%2Fcomments&post=5652"}],"version-history":[{"count":1,"href":"https:\/\/noticierotamaulipeco.info\/index.php?rest_route=\/wp\/v2\/posts\/5652\/revisions"}],"predecessor-version":[{"id":5654,"href":"https:\/\/noticierotamaulipeco.info\/index.php?rest_route=\/wp\/v2\/posts\/5652\/revisions\/5654"}],"wp:featuredmedia":[{"embeddable":true,"href":"https:\/\/noticierotamaulipeco.info\/index.php?rest_route=\/wp\/v2\/media\/5653"}],"wp:attachment":[{"href":"https:\/\/noticierotamaulipeco.info\/index.php?rest_route=%2Fwp%2Fv2%2Fmedia&parent=5652"}],"wp:term":[{"taxonomy":"category","embeddable":true,"href":"https:\/\/noticierotamaulipeco.info\/index.php?rest_route=%2Fwp%2Fv2%2Fcategories&post=5652"},{"taxonomy":"post_tag","embeddable":true,"href":"https:\/\/noticierotamaulipeco.info\/index.php?rest_route=%2Fwp%2Fv2%2Ftags&post=5652"}],"curies":[{"name":"wp","href":"https:\/\/api.w.org\/{rel}","templated":true}]}}