{"id":5658,"date":"2025-02-19T17:27:05","date_gmt":"2025-02-19T17:27:05","guid":{"rendered":"https:\/\/noticierotamaulipeco.info\/?p=5658"},"modified":"2025-06-11T18:13:22","modified_gmt":"2025-06-11T18:13:22","slug":"desplazar-a-poblacion-de-gaza-no-se-le-hubiera-ocurrido-ni-a-hitler-escritor-leonardo-padura","status":"publish","type":"post","link":"https:\/\/noticierotamaulipeco.info\/?p=5658","title":{"rendered":"\u201cDesplazar a poblaci\u00f3n de Gaza no se le hubiera ocurrido ni a Hitler\u201d: escritor Leonardo Padura"},"content":{"rendered":"\n<p>El escritor cubano<strong>\u00a0Leonardo Padura<\/strong>\u00a0critic\u00f3 la pol\u00edtica internacional del presidente estadounidense,\u00a0<strong>Donald\u00a0Trump<\/strong>, frente al conflicto entre\u00a0<strong>Israel<\/strong>\u00a0y\u00a0<strong>Palestina<\/strong>\u00a0y asegur\u00f3 que\u00a0<strong>desplazar<\/strong>\u00a0a la\u00a0<strong>poblaci\u00f3n de Gaza<\/strong>\u00a0no se hubiera ocurrido \u201cni a\u00a0<strong>Hitler<\/strong>\u201d.<\/p>\n\n\n\n<blockquote class=\"wp-block-quote is-layout-flow wp-block-quote-is-layout-flow\">\n<p>Estamos viviendo en una vor\u00e1gine de acontecimientos que son, adem\u00e1s, muy trascendentes porque cuando se piensa que alguien pueda decir p\u00fablicamente \u2018vamos a sacar a todos los palestinos de Gaza para construir campos de golf\u2019, estamos viviendo y oyendo algo que ni siquiera a Hitler se le hubiera ocurrido\u201d, dijo en una conferencia en Guadalajara, Jalisco.<\/p>\n<\/blockquote>\n\n\n\n<p>Padura ofreci\u00f3 la conferencia \u2018Mil historias en La Habana\u2019 como parte de las actividades de la C\u00e1tedra Latinoamericana Julio Cort\u00e1zar en la que lament\u00f3 que Am\u00e9rica vive momentos \u201cturbios\u201d en los que la pol\u00edtica est\u00e1 dividiendo una integraci\u00f3n cultural que han logrado los pa\u00edses en el continente gracias a expresiones como la literatura o la m\u00fasica.<\/p>\n\n\n\n<p>Padura consider\u00f3 \u201cun disparate\u201d que Trump haya renombrado al Golfo de M\u00e9xico como Golfo de Am\u00e9rica.<\/p>\n\n\n\n<p>\u201cLa (m\u00fasica de) salsa ha logrado ser un movimiento que cre\u00f3 una nueva geograf\u00eda para el Caribe, un Caribe geogr\u00e1fico donde ahora, por cierto, hay un Golfo de Am\u00e9rica no s\u00e9 si ustedes saben cu\u00e1l es. Yo no estoy muy seguro de d\u00f3nde queda (r\u00ede) \u00a1qu\u00e9 disparate, qu\u00e9 disparate!\u201d.<\/p>\n\n\n\n<p>El cubano charl\u00f3 con sus llectores en el paraninfo de la Universidad de Guadalajara acerca de los 15 a\u00f1os de uno de sus libros m\u00e1s conocidos \u2018El hombre que amaba a los perros\u2019 y de su m\u00e1s reciente obra \u2018Ir a la Habana\u2019 en el que reconstruy\u00f3 lo que fue la capital de Cuba y lo que es ahora.<\/p>\n\n\n\n<p>El autor asegur\u00f3 que escribir de La Habana duele por todos los cambios que ha experimentado la ciudad que se encuentra en un momento dist\u00f3pico y ag\u00f3nico.<\/p>\n\n\n\n<p>\u201cLas ciudades evolucionan, crecen, tienen vida y tambi\u00e9n tienen alma, el alma de La Habana que era tan exultante, tan cultural tiene otras manifestaciones (\u2026) y en el caso de La Habana f\u00edsica, de los edificios ese deterioro es muy evidente y est\u00e1 en un momento cr\u00edtico, lo cual crea un signo de interrogaci\u00f3n hacia el futuro de esa ciudad\u201d, advirti\u00f3.<\/p>\n\n\n\n<p>Afirm\u00f3 que hay tambi\u00e9n un deterioro c\u00edvico y moral que se manifiesta de diferentes maneras pero que es tambi\u00e9n una respuesta a la miseria que se vive en el pa\u00eds.<\/p>\n\n\n\n<p>\u201cLa miseria crea miserables y esto se est\u00e1 viendo en todo el pa\u00eds, especialmente en La Habana, es una p\u00e9rdida de urbanidad y de lo que antes se le llamaban las buenas costumbres, eso se va perdiendo porque las estrategias de supervivencia que tiene que aplicar la gente, los obliga\u201d, concluy\u00f3.<\/p>\n","protected":false},"excerpt":{"rendered":"<p>El escritor cubano\u00a0Leonardo Padura\u00a0critic\u00f3 la pol\u00edtica internacional del presidente estadounidense,\u00a0Donald\u00a0Trump, frente al conflicto entre\u00a0Israel\u00a0y\u00a0Palestina\u00a0y asegur\u00f3&#8230;<\/p>\n","protected":false},"author":1,"featured_media":5659,"comment_status":"open","ping_status":"open","sticky":false,"template":"","format":"standard","meta":{"footnotes":""},"categories":[5],"tags":[],"class_list":["post-5658","post","type-post","status-publish","format-standard","has-post-thumbnail","hentry","category-internacional"],"_links":{"self":[{"href":"https:\/\/noticierotamaulipeco.info\/index.php?rest_route=\/wp\/v2\/posts\/5658","targetHints":{"allow":["GET"]}}],"collection":[{"href":"https:\/\/noticierotamaulipeco.info\/index.php?rest_route=\/wp\/v2\/posts"}],"about":[{"href":"https:\/\/noticierotamaulipeco.info\/index.php?rest_route=\/wp\/v2\/types\/post"}],"author":[{"embeddable":true,"href":"https:\/\/noticierotamaulipeco.info\/index.php?rest_route=\/wp\/v2\/users\/1"}],"replies":[{"embeddable":true,"href":"https:\/\/noticierotamaulipeco.info\/index.php?rest_route=%2Fwp%2Fv2%2Fcomments&post=5658"}],"version-history":[{"count":1,"href":"https:\/\/noticierotamaulipeco.info\/index.php?rest_route=\/wp\/v2\/posts\/5658\/revisions"}],"predecessor-version":[{"id":5660,"href":"https:\/\/noticierotamaulipeco.info\/index.php?rest_route=\/wp\/v2\/posts\/5658\/revisions\/5660"}],"wp:featuredmedia":[{"embeddable":true,"href":"https:\/\/noticierotamaulipeco.info\/index.php?rest_route=\/wp\/v2\/media\/5659"}],"wp:attachment":[{"href":"https:\/\/noticierotamaulipeco.info\/index.php?rest_route=%2Fwp%2Fv2%2Fmedia&parent=5658"}],"wp:term":[{"taxonomy":"category","embeddable":true,"href":"https:\/\/noticierotamaulipeco.info\/index.php?rest_route=%2Fwp%2Fv2%2Fcategories&post=5658"},{"taxonomy":"post_tag","embeddable":true,"href":"https:\/\/noticierotamaulipeco.info\/index.php?rest_route=%2Fwp%2Fv2%2Ftags&post=5658"}],"curies":[{"name":"wp","href":"https:\/\/api.w.org\/{rel}","templated":true}]}}