{"id":5661,"date":"2025-02-28T18:13:23","date_gmt":"2025-02-28T18:13:23","guid":{"rendered":"https:\/\/noticierotamaulipeco.info\/?p=5661"},"modified":"2025-06-11T18:19:44","modified_gmt":"2025-06-11T18:19:44","slug":"canada-apoya-a-ucrania-y-advierte-que-rusia-toma-nota-de-la-pelea-entre-trump-y-zelenski","status":"publish","type":"post","link":"https:\/\/noticierotamaulipeco.info\/?p=5661","title":{"rendered":"Canad\u00e1 apoya a Ucrania y advierte que Rusia \u201ctoma nota\u201d de la pelea entre Trump y Zelenski"},"content":{"rendered":"\n<p>Canad\u00e1 advirti\u00f3 que Rusia est\u00e1 \u201ctomando nota\u201d del enfrentamiento p\u00fablico que este viernes protagonizaron los presidentes de EE.UU.,&nbsp;<strong>Donald Trump, y de Ucrania, Volod\u00edmir Zelenski,<\/strong>&nbsp;y expres\u00f3 su apoyo a Ucrania.<\/p>\n\n\n\n<p>En un mensaje publicado en las redes sociales, el primer ministro canadiense,&nbsp;<strong>Justin Trudeau,<\/strong>&nbsp;declar\u00f3 que Canad\u00e1 \u201cseguir\u00e1 apoyando a Ucrania y los ucranianos para conseguir una paz justa y duradera\u201d.<\/p>\n\n\n\n<blockquote class=\"wp-block-quote is-layout-flow wp-block-quote-is-layout-flow\">\n<p>\u201cDesde hace tres a\u00f1os, los ucranianos han luchado con coraje y resiliencia. Su lucha por la democracia, la libertad y la soberan\u00eda es una lucha que nos concierne a todos\u201d, a\u00f1adi\u00f3.<\/p>\n<\/blockquote>\n\n\n\n<p>En una rueda de prensa, la<strong>&nbsp;ministra de Exteriores de Canad\u00e1, M\u00e9lanie Joly,<\/strong>&nbsp;declar\u00f3 este viernes que la disputa retransmitida en directo a todo el mundo desde la Casa Blanca solo puede beneficiar a Rusia.<\/p>\n\n\n\n<blockquote class=\"wp-block-quote is-layout-flow wp-block-quote-is-layout-flow\">\n<p>\u201cLo que me gustar\u00eda a\u00f1adir es que claramente Rusia est\u00e1 tomando nota de la interacci\u00f3n que sucedi\u00f3 hoy. As\u00ed que nuestro objetivo es asegurar que podamos seguir apoyando a Ucrania y que podamos mantener una muy fuerte unidad en el G7\u201d, explic\u00f3 Joly.<\/p>\n<\/blockquote>\n\n\n\n<p>La ministra canadiense\u00a0<strong>reiter\u00f3 el apoyo de Canad\u00e1 a Ucrania<\/strong>, que ha mantenido desde la invasi\u00f3n rusa del pa\u00eds.<\/p>\n\n\n\n<blockquote class=\"wp-block-quote is-layout-flow wp-block-quote-is-layout-flow\">\n<p>\u201cNuestra posici\u00f3n no ha cambiado. Creemos que los ucranianos est\u00e1n luchando por sus libertades, pero tambi\u00e9n por las nuestras. Y sabemos que el presidente Putin no tiene l\u00edneas rojas y si no llegamos a un buen acuerdo para Ucrania, hay un riesgo real que Putin se rearme y vuelva a invadir Ucrania\u201d, a\u00f1adi\u00f3.<\/p>\n<\/blockquote>\n\n\n\n<p>Otros pol\u00edticos canadienses expresaron su solidaridad con&nbsp;<strong>Zelenski<\/strong>&nbsp;tras su enfrentamiento con Trump.<\/p>\n\n\n\n<p>El l\u00edder del opositor del socialdem\u00f3crata&nbsp;<strong>Nuevo Partido Democr\u00e1tico (NPD), Jagmeet Singh,<\/strong>&nbsp;volvi\u00f3 a solicitar que Ottawa impida la entrada al pa\u00eds de Trump cuando en junio se celebre la<strong>&nbsp;Cumbre del G7 en Canad\u00e1.<\/strong><\/p>\n\n\n\n<p>Singh adem\u00e1s se\u00f1al\u00f3 en las redes sociales que \u201cZelenski encarna el valor de nuestros tiempos\u201d.<\/p>\n\n\n\n<p>Por su parte, el l\u00edder del soberanista&nbsp;<strong>Bloque Quebequ\u00e9s (BQ), Yves-Francois Blanchet,<\/strong>&nbsp;expres\u00f3 su \u201cindignaci\u00f3n\u201d por el trato que Zelenski recibi\u00f3 en la Casa Blanca.<\/p>\n\n\n\n<blockquote class=\"wp-block-quote is-layout-flow wp-block-quote-is-layout-flow\">\n<p>\u201cApoyamos de manera inequ\u00edvoca a Ucrania y Volod\u00edmir Zelenski\u201d, a\u00f1adi\u00f3 Blanchet.<\/p>\n<\/blockquote>\n","protected":false},"excerpt":{"rendered":"<p>Canad\u00e1 advirti\u00f3 que Rusia est\u00e1 \u201ctomando nota\u201d del enfrentamiento p\u00fablico que este viernes protagonizaron los&#8230;<\/p>\n","protected":false},"author":1,"featured_media":5662,"comment_status":"open","ping_status":"open","sticky":false,"template":"","format":"standard","meta":{"footnotes":""},"categories":[5],"tags":[],"class_list":["post-5661","post","type-post","status-publish","format-standard","has-post-thumbnail","hentry","category-internacional"],"_links":{"self":[{"href":"https:\/\/noticierotamaulipeco.info\/index.php?rest_route=\/wp\/v2\/posts\/5661","targetHints":{"allow":["GET"]}}],"collection":[{"href":"https:\/\/noticierotamaulipeco.info\/index.php?rest_route=\/wp\/v2\/posts"}],"about":[{"href":"https:\/\/noticierotamaulipeco.info\/index.php?rest_route=\/wp\/v2\/types\/post"}],"author":[{"embeddable":true,"href":"https:\/\/noticierotamaulipeco.info\/index.php?rest_route=\/wp\/v2\/users\/1"}],"replies":[{"embeddable":true,"href":"https:\/\/noticierotamaulipeco.info\/index.php?rest_route=%2Fwp%2Fv2%2Fcomments&post=5661"}],"version-history":[{"count":1,"href":"https:\/\/noticierotamaulipeco.info\/index.php?rest_route=\/wp\/v2\/posts\/5661\/revisions"}],"predecessor-version":[{"id":5663,"href":"https:\/\/noticierotamaulipeco.info\/index.php?rest_route=\/wp\/v2\/posts\/5661\/revisions\/5663"}],"wp:featuredmedia":[{"embeddable":true,"href":"https:\/\/noticierotamaulipeco.info\/index.php?rest_route=\/wp\/v2\/media\/5662"}],"wp:attachment":[{"href":"https:\/\/noticierotamaulipeco.info\/index.php?rest_route=%2Fwp%2Fv2%2Fmedia&parent=5661"}],"wp:term":[{"taxonomy":"category","embeddable":true,"href":"https:\/\/noticierotamaulipeco.info\/index.php?rest_route=%2Fwp%2Fv2%2Fcategories&post=5661"},{"taxonomy":"post_tag","embeddable":true,"href":"https:\/\/noticierotamaulipeco.info\/index.php?rest_route=%2Fwp%2Fv2%2Ftags&post=5661"}],"curies":[{"name":"wp","href":"https:\/\/api.w.org\/{rel}","templated":true}]}}