{"id":5664,"date":"2025-03-01T18:19:47","date_gmt":"2025-03-01T18:19:47","guid":{"rendered":"https:\/\/noticierotamaulipeco.info\/?p=5664"},"modified":"2025-06-11T18:32:02","modified_gmt":"2025-06-11T18:32:02","slug":"rusia-califica-de-absoluto-fracaso-politico-y-diplomatico-la-visita-de-zelenski-a-ee-uu","status":"publish","type":"post","link":"https:\/\/noticierotamaulipeco.info\/?p=5664","title":{"rendered":"Rusia califica de \u201cabsoluto fracaso pol\u00edtico y diplom\u00e1tico\u201d la visita de Zelenski a EE.UU."},"content":{"rendered":"\n<p>Rusia calific\u00f3 hoy de \u201cabsoluto fracaso pol\u00edtico y diplom\u00e1tico\u201d la visita del presidente de Ucrania,&nbsp;<strong>Volod\u00edmir Zelenski,<\/strong>&nbsp;a Estados Unidos, que termin\u00f3 en una agria discusi\u00f3n con el mandatario anfitri\u00f3n,&nbsp;<strong>Donald Trump<\/strong>, y el vicepresidente estadounidense,<strong>&nbsp;D.J. Vance.<\/strong><\/p>\n\n\n\n<blockquote class=\"wp-block-quote is-layout-flow wp-block-quote-is-layout-flow\">\n<p>\u201cLa visita del cabecilla de r\u00e9gimen neonazi, V. Zelenski, a Washington el 28 de febrero fue un absoluto fracaso pol\u00edtico y diplom\u00e1tico total para el r\u00e9gimen de Kiev\u201d, escribi\u00f3 la portavoz del Ministerio de Asuntos Exteriores de\u00a0Rusia, Mar\u00eda Zaj\u00e1rova, en un comentario publicado en la p\u00e1gina web de la cartera.<\/p>\n<\/blockquote>\n\n\n\n<p>Rusia agreg\u00f3, ha declarado en reiteradas ocasiones que \u201cZelenski es un incompetente, es corrupto e incapaz de llegar a acuerdos\u201d.<\/p>\n\n\n\n<p>La diplom\u00e1tica insisti\u00f3 en que precisamente fue&nbsp;<strong>Kiev<\/strong>&nbsp;<strong>el que \u201cse neg\u00f3 a continuar las negociaciones sobre un acuerdo pol\u00edtico y diplom\u00e1tico<\/strong>&nbsp;en la primavera de 2022, utilizando mentiras y manipulaci\u00f3n para justificar la continuaci\u00f3n de las hostilidades y recibir ayuda militar y financiera occidental\u201d.<\/p>\n\n\n\n<blockquote class=\"wp-block-quote is-layout-flow wp-block-quote-is-layout-flow\">\n<p>\u201cCon su comportamiento escandalosamente grosero durante su estancia en Washington, Zelenski confirm\u00f3 que es la amenaza m\u00e1s peligrosa para la comunidad mundial como instigador irresponsable de una gran guerra\u201d, a\u00f1adi\u00f3.<\/p>\n<\/blockquote>\n\n\n\n<p>Zaj\u00e1rova defini\u00f3 al mandatario ucraniano como \u201cun c\u00ednico que no le hace asco a nada y que solo est\u00e1 obsesionado con conservar el poder que ha usurpado\u201d.<\/p>\n\n\n\n<p>En la Casa Blanca, agreg\u00f3, Zelenski recibi\u00f3 de Trump una \u201csevera reprimenda\u201d, que \u201ctambi\u00e9n evidencia la debilidad pol\u00edtica y la extrema degradaci\u00f3n moral de aquellos l\u00edderes europeos que siguen abogando por apoyar al demente l\u00edder del r\u00e9gimen nazi, que ha perdido el contacto con la realidad\u201d.<\/p>\n\n\n\n<p>Reiter\u00f3 que los objetivos de Rusia son inmutables y siguen sin siendo la&nbsp;<strong>desmilitarizaci\u00f3n y la desnazificaci\u00f3n de Ucrania,<\/strong>&nbsp;as\u00ed como el reconocimiento de las realidades existentes sobre el terreno.<\/p>\n\n\n\n<blockquote class=\"wp-block-quote is-layout-flow wp-block-quote-is-layout-flow\">\n<p>\u201cCuanto antes Kiev y determinadas capitales europeas se den cuenta de esto, m\u00e1s cerca estar\u00e1 la soluci\u00f3n pac\u00edfica de la crisis ucraniana\u201d, concluy\u00f3 la portavoz de Exteriores.<\/p>\n<\/blockquote>\n\n\n\n<p><\/p>\n","protected":false},"excerpt":{"rendered":"<p>Rusia calific\u00f3 hoy de \u201cabsoluto fracaso pol\u00edtico y diplom\u00e1tico\u201d la visita del presidente de Ucrania,&nbsp;Volod\u00edmir&#8230;<\/p>\n","protected":false},"author":1,"featured_media":5665,"comment_status":"open","ping_status":"open","sticky":false,"template":"","format":"standard","meta":{"footnotes":""},"categories":[5],"tags":[],"class_list":["post-5664","post","type-post","status-publish","format-standard","has-post-thumbnail","hentry","category-internacional"],"_links":{"self":[{"href":"https:\/\/noticierotamaulipeco.info\/index.php?rest_route=\/wp\/v2\/posts\/5664","targetHints":{"allow":["GET"]}}],"collection":[{"href":"https:\/\/noticierotamaulipeco.info\/index.php?rest_route=\/wp\/v2\/posts"}],"about":[{"href":"https:\/\/noticierotamaulipeco.info\/index.php?rest_route=\/wp\/v2\/types\/post"}],"author":[{"embeddable":true,"href":"https:\/\/noticierotamaulipeco.info\/index.php?rest_route=\/wp\/v2\/users\/1"}],"replies":[{"embeddable":true,"href":"https:\/\/noticierotamaulipeco.info\/index.php?rest_route=%2Fwp%2Fv2%2Fcomments&post=5664"}],"version-history":[{"count":1,"href":"https:\/\/noticierotamaulipeco.info\/index.php?rest_route=\/wp\/v2\/posts\/5664\/revisions"}],"predecessor-version":[{"id":5666,"href":"https:\/\/noticierotamaulipeco.info\/index.php?rest_route=\/wp\/v2\/posts\/5664\/revisions\/5666"}],"wp:featuredmedia":[{"embeddable":true,"href":"https:\/\/noticierotamaulipeco.info\/index.php?rest_route=\/wp\/v2\/media\/5665"}],"wp:attachment":[{"href":"https:\/\/noticierotamaulipeco.info\/index.php?rest_route=%2Fwp%2Fv2%2Fmedia&parent=5664"}],"wp:term":[{"taxonomy":"category","embeddable":true,"href":"https:\/\/noticierotamaulipeco.info\/index.php?rest_route=%2Fwp%2Fv2%2Fcategories&post=5664"},{"taxonomy":"post_tag","embeddable":true,"href":"https:\/\/noticierotamaulipeco.info\/index.php?rest_route=%2Fwp%2Fv2%2Ftags&post=5664"}],"curies":[{"name":"wp","href":"https:\/\/api.w.org\/{rel}","templated":true}]}}