{"id":5670,"date":"2025-03-13T18:35:17","date_gmt":"2025-03-13T18:35:17","guid":{"rendered":"https:\/\/noticierotamaulipeco.info\/?p=5670"},"modified":"2025-06-11T18:41:57","modified_gmt":"2025-06-11T18:41:57","slug":"sarampion-en-europa-esta-a-su-nivel-maximo-en-mas-de-25-anos","status":"publish","type":"post","link":"https:\/\/noticierotamaulipeco.info\/?p=5670","title":{"rendered":"Sarampi\u00f3n en Europa est\u00e1 a su nivel m\u00e1ximo en m\u00e1s de 25 a\u00f1os"},"content":{"rendered":"\n<p><strong>Europa<\/strong>&nbsp;y&nbsp;<strong>Asia Central<\/strong>&nbsp;reportaron en 2024 m\u00e1s de&nbsp;<strong>127 mil casos<\/strong>&nbsp;de&nbsp;<strong>sarampi\u00f3n<\/strong>, una cifra que duplica la del a\u00f1o anterior y que representa el&nbsp;<strong>nivel m\u00e1ximo<\/strong>&nbsp;de&nbsp;<strong>incidencia<\/strong>&nbsp;de la enfermedad en la regi\u00f3n en m\u00e1s de&nbsp;<strong>25 a\u00f1os<\/strong>, advirtieron la Organizaci\u00f3n Mundial de la Salud (OMS) y el Fondo de Naciones Unidas para la Infancia (UNICEF) en un estudio conjunto.<\/p>\n\n\n\n<p>\u201cEl sarampi\u00f3n est\u00e1 de vuelta, y esto es una llamada de atenci\u00f3n\u201d, advirti\u00f3 en\u00a0un comunicado\u00a0el director regional de la OMS para Europa, Hans Kluge.<\/p>\n\n\n\n<p>Las agencias de la ONU atribuyen este avance de la enfermedad, que puede ser mortal o requerir hospitalizaci\u00f3n especialmente en ni\u00f1os peque\u00f1os, a una&nbsp;<strong>reducci\u00f3n<\/strong>&nbsp;en la cobertura de la&nbsp;<strong>vacunaci\u00f3n<\/strong>&nbsp;en muchos pa\u00edses, iniciada durante la pandemia de COVID-19 y alimentada luego por la \u201cdesinformaci\u00f3n\u201d en torno a las vacunas.<\/p>\n\n\n\n<p>\u201cMedio mill\u00f3n de ni\u00f1os en 53 pa\u00edses de Europa y Asia Central no recibieron su primera dosis de la vacuna en 2023\u201d, afirmaron OMS y UNICEF, advirtiendo que algunas naciones en la regi\u00f3n han llegado a reportar tasas de vacunaci\u00f3n de solo el 24 por ciento, lejos del 95 por ciento recomendado para que se logre la llamada \u201cinmunidad de grupo\u201d.<\/p>\n\n\n\n<p>Un 70 por ciento de los casos registrados (74 mil) necesitaron hospitalizaci\u00f3n, un 40 por ciento se dieron en ni\u00f1os menores de cinco a\u00f1os (54 mil) y se reportaron 38 muertes, agreg\u00f3 el estudio conjunto.<\/p>\n\n\n\n<p>Ruman\u00eda fue el pa\u00eds de la regi\u00f3n m\u00e1s afectado, con m\u00e1s de 30 mil casos, seguido por Kazajist\u00e1n (28 mil), Rusia (22 mil) y Azerbaiy\u00e1n (16 mil), se\u00f1alaron las agencias, que tambi\u00e9n destacaron que Europa y Asia Central sumaron el pasado a\u00f1o un tercio de todos los casos globales de sarampi\u00f3n.<\/p>\n\n\n\n<p>Seg\u00fan OMS y UNICEF, los casos de sarampi\u00f3n se hab\u00edan ido reduciendo progresivamente en&nbsp;<strong>Europa<\/strong>&nbsp;desde 1997, cuando se registraron 216 mil contagios, hasta alcanzar un m\u00ednimo hist\u00f3rico de 4 mil 440 en 2016, pero desde&nbsp;<strong>2018<\/strong>&nbsp;ha habido un&nbsp;<strong>resurgimiento<\/strong>&nbsp;de la&nbsp;<strong>enfermedad<\/strong>&nbsp;que se exacerb\u00f3 durante la pandemia.<\/p>\n\n\n\n<p>OMS y UNICEF recuerdan que el sarampi\u00f3n es uno de los virus m\u00e1s contagiosos, y pueden darse casos graves y letales por complicaciones tales como neumon\u00eda, encefalitis, diarrea y deshidrataci\u00f3n.<\/p>\n\n\n\n<p>Tambi\u00e9n es susceptible de provocar problemas de salud a largo plazo, como ceguera o un debilitamiento del sistema inmunol\u00f3gico que deja a quienes sobreviven con mayor vulnerabilidad ante otras enfermedades.<\/p>\n","protected":false},"excerpt":{"rendered":"<p>Europa&nbsp;y&nbsp;Asia Central&nbsp;reportaron en 2024 m\u00e1s de&nbsp;127 mil casos&nbsp;de&nbsp;sarampi\u00f3n, una cifra que duplica la del a\u00f1o&#8230;<\/p>\n","protected":false},"author":1,"featured_media":5671,"comment_status":"open","ping_status":"open","sticky":false,"template":"","format":"standard","meta":{"footnotes":""},"categories":[5],"tags":[],"class_list":["post-5670","post","type-post","status-publish","format-standard","has-post-thumbnail","hentry","category-internacional"],"_links":{"self":[{"href":"https:\/\/noticierotamaulipeco.info\/index.php?rest_route=\/wp\/v2\/posts\/5670","targetHints":{"allow":["GET"]}}],"collection":[{"href":"https:\/\/noticierotamaulipeco.info\/index.php?rest_route=\/wp\/v2\/posts"}],"about":[{"href":"https:\/\/noticierotamaulipeco.info\/index.php?rest_route=\/wp\/v2\/types\/post"}],"author":[{"embeddable":true,"href":"https:\/\/noticierotamaulipeco.info\/index.php?rest_route=\/wp\/v2\/users\/1"}],"replies":[{"embeddable":true,"href":"https:\/\/noticierotamaulipeco.info\/index.php?rest_route=%2Fwp%2Fv2%2Fcomments&post=5670"}],"version-history":[{"count":1,"href":"https:\/\/noticierotamaulipeco.info\/index.php?rest_route=\/wp\/v2\/posts\/5670\/revisions"}],"predecessor-version":[{"id":5672,"href":"https:\/\/noticierotamaulipeco.info\/index.php?rest_route=\/wp\/v2\/posts\/5670\/revisions\/5672"}],"wp:featuredmedia":[{"embeddable":true,"href":"https:\/\/noticierotamaulipeco.info\/index.php?rest_route=\/wp\/v2\/media\/5671"}],"wp:attachment":[{"href":"https:\/\/noticierotamaulipeco.info\/index.php?rest_route=%2Fwp%2Fv2%2Fmedia&parent=5670"}],"wp:term":[{"taxonomy":"category","embeddable":true,"href":"https:\/\/noticierotamaulipeco.info\/index.php?rest_route=%2Fwp%2Fv2%2Fcategories&post=5670"},{"taxonomy":"post_tag","embeddable":true,"href":"https:\/\/noticierotamaulipeco.info\/index.php?rest_route=%2Fwp%2Fv2%2Ftags&post=5670"}],"curies":[{"name":"wp","href":"https:\/\/api.w.org\/{rel}","templated":true}]}}