{"id":5673,"date":"2025-03-17T18:41:58","date_gmt":"2025-03-17T18:41:58","guid":{"rendered":"https:\/\/noticierotamaulipeco.info\/?p=5673"},"modified":"2025-06-11T18:46:29","modified_gmt":"2025-06-11T18:46:29","slug":"gracias-a-nosotros-francia-no-habla-aleman-ee-uu-no-devolvera-la-estatua-de-la-libertad","status":"publish","type":"post","link":"https:\/\/noticierotamaulipeco.info\/?p=5673","title":{"rendered":"\u201cGracias a nosotros Francia no habla alem\u00e1n\u201d: EE.UU. no devolver\u00e1 la Estatua de la Libertad"},"content":{"rendered":"\n<p>La portavoz de la Casa Blanca,&nbsp;<strong>Karoline Leavitt<\/strong>, rechaz\u00f3 que Estados Unidos regresar\u00e1 la&nbsp;<strong>Estatua de la Libertad<\/strong>&nbsp;a&nbsp;<strong>Francia<\/strong>, despu\u00e9s de que un parlamentario franc\u00e9s pidiera que se devuelva el regalo a los estadounidenses en la d\u00e9cada de 1880.<\/p>\n\n\n\n<p>\u201cPor supuesto que no\u201d, dijo Leavitt al ser cuestionada sobre si el monumento ser\u00eda devuelto.<\/p>\n\n\n\n<p>\u201cMi consejo para ese pol\u00edtico franc\u00e9s de bajo nivel no identificado ser\u00eda recordarle que es solo gracias a los Estados Unidos de Am\u00e9rica que los franceses no est\u00e1n hablando alem\u00e1n en este momento, por lo que deber\u00edan estar muy agradecidos con nuestro gran pa\u00eds\u201d, a\u00f1adi\u00f3.<\/p>\n\n\n\n<p>El pol\u00edtico franc\u00e9s de centroizquierda del Parlamento Europeo,&nbsp;<strong>Rapha\u00ebl Glucksmann<\/strong>, critic\u00f3 la situaci\u00f3n actual del pa\u00eds estadounidense afirmando que este ya no representa los valores que llevaron a Francia a ofrecer la estatua en 1884.<\/p>\n\n\n\n<p>\u201cVamos a decir a los estadounidenses que han optado por ponerse del lado de los tiranos, a los estadounidenses que despidieron a investigadores por exigir libertad cient\u00edfica: \u2018Devu\u00e9lvannos la Estatua de la Libertad&#8217;\u201d, declar\u00f3.<\/p>\n\n\n\n<p>\u201cSe la regalamos, pero por lo visto la desprecian. As\u00ed que estar\u00e1 bien aqu\u00ed en casa\u201d, puntualiz\u00f3.<\/p>\n\n\n\n<p>La Estatua de la Libertad fue dise\u00f1ada por el escultor franc\u00e9s Auguste Bartholdi y entregada por Francia como regalo a Estados Unidos el 4 de julio de 1884, con motivo del centenario de la Declaraci\u00f3n de Independencia.<\/p>\n","protected":false},"excerpt":{"rendered":"<p>La portavoz de la Casa Blanca,&nbsp;Karoline Leavitt, rechaz\u00f3 que Estados Unidos regresar\u00e1 la&nbsp;Estatua de la&#8230;<\/p>\n","protected":false},"author":1,"featured_media":5674,"comment_status":"open","ping_status":"open","sticky":false,"template":"","format":"standard","meta":{"footnotes":""},"categories":[5],"tags":[],"class_list":["post-5673","post","type-post","status-publish","format-standard","has-post-thumbnail","hentry","category-internacional"],"_links":{"self":[{"href":"https:\/\/noticierotamaulipeco.info\/index.php?rest_route=\/wp\/v2\/posts\/5673","targetHints":{"allow":["GET"]}}],"collection":[{"href":"https:\/\/noticierotamaulipeco.info\/index.php?rest_route=\/wp\/v2\/posts"}],"about":[{"href":"https:\/\/noticierotamaulipeco.info\/index.php?rest_route=\/wp\/v2\/types\/post"}],"author":[{"embeddable":true,"href":"https:\/\/noticierotamaulipeco.info\/index.php?rest_route=\/wp\/v2\/users\/1"}],"replies":[{"embeddable":true,"href":"https:\/\/noticierotamaulipeco.info\/index.php?rest_route=%2Fwp%2Fv2%2Fcomments&post=5673"}],"version-history":[{"count":1,"href":"https:\/\/noticierotamaulipeco.info\/index.php?rest_route=\/wp\/v2\/posts\/5673\/revisions"}],"predecessor-version":[{"id":5675,"href":"https:\/\/noticierotamaulipeco.info\/index.php?rest_route=\/wp\/v2\/posts\/5673\/revisions\/5675"}],"wp:featuredmedia":[{"embeddable":true,"href":"https:\/\/noticierotamaulipeco.info\/index.php?rest_route=\/wp\/v2\/media\/5674"}],"wp:attachment":[{"href":"https:\/\/noticierotamaulipeco.info\/index.php?rest_route=%2Fwp%2Fv2%2Fmedia&parent=5673"}],"wp:term":[{"taxonomy":"category","embeddable":true,"href":"https:\/\/noticierotamaulipeco.info\/index.php?rest_route=%2Fwp%2Fv2%2Fcategories&post=5673"},{"taxonomy":"post_tag","embeddable":true,"href":"https:\/\/noticierotamaulipeco.info\/index.php?rest_route=%2Fwp%2Fv2%2Ftags&post=5673"}],"curies":[{"name":"wp","href":"https:\/\/api.w.org\/{rel}","templated":true}]}}