{"id":5691,"date":"2025-04-24T19:27:52","date_gmt":"2025-04-24T19:27:52","guid":{"rendered":"https:\/\/noticierotamaulipeco.info\/?p=5691"},"modified":"2025-06-11T19:33:10","modified_gmt":"2025-06-11T19:33:10","slug":"italia-desplegara-aviones-de-combate-y-un-destructor-para-garantizar-seguridad-en-el-funeral-del-papa-francisco","status":"publish","type":"post","link":"https:\/\/noticierotamaulipeco.info\/?p=5691","title":{"rendered":"Italia desplegar\u00e1 aviones de combate y un destructor para garantizar seguridad en el funeral del papa Francisco"},"content":{"rendered":"\n<p>Las\u00a0<strong>Fuerzas Armadas de Italia<\/strong>\u00a0desplegar\u00e1n un sofisticado\u00a0<strong>sistema antidrones<\/strong>,\u00a0<strong>aviones de combate<\/strong>\u00a0Eurofighter y un\u00a0<strong>destructor<\/strong>\u00a0en las costas de Fiumicino, cerca del principal aeropuerto de Roma, para garantizar la\u00a0<strong>seguridad<\/strong>\u00a0de la capital italiana por el\u00a0<strong>funeral<\/strong>\u00a0del\u00a0<strong>papa Francisco\u00a0<\/strong>este s\u00e1bado 26 de abril, informaron fuentes oficiales.<\/p>\n\n\n\n<p>El imponente dispositivo de seguridad para las exequias de Francisco incluye el despliegue de unos cuatro mil polic\u00edas, as\u00ed como francotiradores, agentes expertos en detecci\u00f3n de explosivos, una zona de exclusi\u00f3n a\u00e9rea y exhaustivos controles en aeropuertos y estaciones, en un despliegue in\u00e9dito motivado por la presencia de los\u00a0<strong>l\u00edderes mundiales<\/strong>\u00a0que llegar\u00e1n a Roma para asistir a esa ceremonia.<\/p>\n\n\n\n<p>Entre los asistentes estar\u00e1n el presidente de Estados Unidos,\u00a0<strong>Donald\u00a0Trump<\/strong>; el de Argentina,\u00a0<strong>Javier Milei<\/strong>; de Brasil,\u00a0<strong>Luiz Inacio Lula da Silva<\/strong>, el de Francia,\u00a0<strong>Emmanuel Macron<\/strong>, as\u00ed como el de Ucrania,\u00a0<strong>Vol\u00f3dimir Zelenski<\/strong>. Tambi\u00e9n estar\u00e1 la presidenta de la Comisi\u00f3n Europea,\u00a0<strong>Ursula von der Leyen<\/strong>, y otros representantes europeos y mundiales.<\/p>\n\n\n\n<p>El plan de seguridad al que contribuye Italia busca activar los sistemas de detecci\u00f3n de drones hostiles para neutralizar posibles amenazas de a\u00e9reas, as\u00ed como la posibilidad de usar cazas Eurofighter para patrullar el espacio a\u00e9reo.<\/p>\n\n\n\n<p>La Marina italiana desplegar\u00e1 un moderno destructor como parte del dispositivo de protecci\u00f3n mar\u00edtima en aguas cercanas al aeropuerto de Fiumicino, el principal de Roma, que se prev\u00e9 como punto de llegada y partida de muchas de las delegaciones internacionales que acudir\u00e1n a las exequias.<\/p>\n\n\n\n<p>El funeral del papa Francisco, quien muri\u00f3 el lunes 21 de abril a los 88 a\u00f1os, tendr\u00e1 lugar en la plaza de San Pedro del Vaticano, para despu\u00e9s ser trasladado y sepultado en la bas\u00edlica romana de Santa Mar\u00eda La Mayor.<\/p>\n","protected":false},"excerpt":{"rendered":"<p>Las\u00a0Fuerzas Armadas de Italia\u00a0desplegar\u00e1n un sofisticado\u00a0sistema antidrones,\u00a0aviones de combate\u00a0Eurofighter y un\u00a0destructor\u00a0en las costas de Fiumicino,&#8230;<\/p>\n","protected":false},"author":1,"featured_media":5692,"comment_status":"open","ping_status":"open","sticky":false,"template":"","format":"standard","meta":{"footnotes":""},"categories":[5],"tags":[],"class_list":["post-5691","post","type-post","status-publish","format-standard","has-post-thumbnail","hentry","category-internacional"],"_links":{"self":[{"href":"https:\/\/noticierotamaulipeco.info\/index.php?rest_route=\/wp\/v2\/posts\/5691","targetHints":{"allow":["GET"]}}],"collection":[{"href":"https:\/\/noticierotamaulipeco.info\/index.php?rest_route=\/wp\/v2\/posts"}],"about":[{"href":"https:\/\/noticierotamaulipeco.info\/index.php?rest_route=\/wp\/v2\/types\/post"}],"author":[{"embeddable":true,"href":"https:\/\/noticierotamaulipeco.info\/index.php?rest_route=\/wp\/v2\/users\/1"}],"replies":[{"embeddable":true,"href":"https:\/\/noticierotamaulipeco.info\/index.php?rest_route=%2Fwp%2Fv2%2Fcomments&post=5691"}],"version-history":[{"count":1,"href":"https:\/\/noticierotamaulipeco.info\/index.php?rest_route=\/wp\/v2\/posts\/5691\/revisions"}],"predecessor-version":[{"id":5693,"href":"https:\/\/noticierotamaulipeco.info\/index.php?rest_route=\/wp\/v2\/posts\/5691\/revisions\/5693"}],"wp:featuredmedia":[{"embeddable":true,"href":"https:\/\/noticierotamaulipeco.info\/index.php?rest_route=\/wp\/v2\/media\/5692"}],"wp:attachment":[{"href":"https:\/\/noticierotamaulipeco.info\/index.php?rest_route=%2Fwp%2Fv2%2Fmedia&parent=5691"}],"wp:term":[{"taxonomy":"category","embeddable":true,"href":"https:\/\/noticierotamaulipeco.info\/index.php?rest_route=%2Fwp%2Fv2%2Fcategories&post=5691"},{"taxonomy":"post_tag","embeddable":true,"href":"https:\/\/noticierotamaulipeco.info\/index.php?rest_route=%2Fwp%2Fv2%2Ftags&post=5691"}],"curies":[{"name":"wp","href":"https:\/\/api.w.org\/{rel}","templated":true}]}}