{"id":5694,"date":"2025-04-30T19:33:11","date_gmt":"2025-04-30T19:33:11","guid":{"rendered":"https:\/\/noticierotamaulipeco.info\/?p=5694"},"modified":"2025-06-11T19:38:02","modified_gmt":"2025-06-11T19:38:02","slug":"la-mayoria-de-estadounidenses-esta-en-desacuerdo-con-las-politicas-migratorias-de-trump","status":"publish","type":"post","link":"https:\/\/noticierotamaulipeco.info\/?p=5694","title":{"rendered":"La mayor\u00eda de estadounidenses est\u00e1 en desacuerdo con las pol\u00edticas migratorias de Trump"},"content":{"rendered":"\n<p>Un 52 por ciento de los\u00a0<strong>estadounidenses<\/strong>\u00a0est\u00e1\u00a0<strong>en desacuerdo<\/strong>\u00a0con varias de las\u00a0<strong>pol\u00edticas migratorias<\/strong>\u00a0de la Administraci\u00f3n de\u00a0<strong>Donald Trump<\/strong>\u00a0y cree que ha ido demasiado lejos en las deportaciones de migrantes irregulares, revel\u00f3 una\u00a0encuesta\u00a0de la cadena\u00a0<em>CNN<\/em>.<\/p>\n\n\n\n<p>Un 52 por ciento afirma que el pa\u00eds no se ha vuelto un lugar m\u00e1s seguro para vivir como consecuencia de estas acciones y una mayor\u00eda del 56 por ciento est\u00e1 a favor del regreso a Estados Unidos de Kilmar \u00c1brego Garc\u00eda, un migrante salvadore\u00f1o enviado a la c\u00e1rcel de m\u00e1xima seguridad de El Salvador pese a que ten\u00eda una orden judicial que lo proteg\u00eda de ser deportado.<\/p>\n\n\n\n<p>El sondeo, realizado por el instituto demosc\u00f3pico SSRS entre el 17 y el 24 de abril a mil 678 adultos, refleja un&nbsp;<strong>aumento<\/strong>&nbsp;en la&nbsp;<strong>desaprobaci\u00f3n<\/strong>&nbsp;de la&nbsp;<strong>gesti\u00f3n migratoria<\/strong>&nbsp;de&nbsp;<strong>Trump<\/strong>, que la propia encuesta situ\u00f3 en 45 por ciento en febrero.<\/p>\n\n\n\n<p>El 33 por ciento de quienes est\u00e1n de acuerdo con el manejo de la Administraci\u00f3n ha bajado de un 39 por ciento registrado hace dos meses.<\/p>\n\n\n\n<p>Un 43 por ciento de los encuestados afirma que el Gobierno ha sido muy o algo cuidadoso en la observaci\u00f3n de la ley en cuanto a las deportaciones, frente a un 57 por ciento que cree lo contrario.<\/p>\n\n\n\n<p>Trump ha invocado la&nbsp;<strong>Ley de Enemigos Extranjeros<\/strong>, hasta ahora solo aplicada en tiempo de guerra, para hacer realidad su promesa de llevar a cabo&nbsp;<strong>deportaciones masivas<\/strong>&nbsp;<strong>hist\u00f3ricas<\/strong>, en medio de la pol\u00e9mica y las cr\u00edticas de organizaciones en defensa de migrantes.<\/p>\n\n\n\n<p>El presidente republicano ha insistido, por su parte, en la necesidad de&nbsp;<strong>proteger<\/strong>&nbsp;a los&nbsp;<strong>estadounidenses<\/strong>&nbsp;de \u201ccriminales peligrosos\u201d, asociados a bandas como la transnacional Tren de Aragua, algo que cuestionan sus detractores.<\/p>\n\n\n\n<p>La encuesta de&nbsp;<em>CNN<\/em>&nbsp;refleja un 49 por ciento de oposici\u00f3n al uso de esta legislaci\u00f3n para apresurar las operaciones de devoluci\u00f3n.<\/p>\n\n\n\n<p>Las cifras de Trump en materia de migraci\u00f3n siguen siendo m\u00e1s s\u00f3lidas que su \u00edndice de aprobaci\u00f3n general del 41 por ciento en sus primeros\u00a0100 d\u00edas de gobierno, \u2013 que se cumplen este mi\u00e9rcoles -, el m\u00e1s bajo para cualquier presidente reci\u00e9n elegido en 100 d\u00edas desde al menos Dwight Eisenhower, incluido el primer mandato del propio Trump (2017-2020).<\/p>\n\n\n\n<p>Una encuesta reciente, tambi\u00e9n de&nbsp;<em>CNN<\/em>, revel\u00f3 que 59 por ciento de los estadounidenses cree que las pol\u00edticas del mandatario han contribuido a empeorar la econom\u00eda del pa\u00eds.<\/p>\n","protected":false},"excerpt":{"rendered":"<p>Un 52 por ciento de los\u00a0estadounidenses\u00a0est\u00e1\u00a0en desacuerdo\u00a0con varias de las\u00a0pol\u00edticas migratorias\u00a0de la Administraci\u00f3n de\u00a0Donald Trump\u00a0y&#8230;<\/p>\n","protected":false},"author":1,"featured_media":5695,"comment_status":"open","ping_status":"open","sticky":false,"template":"","format":"standard","meta":{"footnotes":""},"categories":[5],"tags":[],"class_list":["post-5694","post","type-post","status-publish","format-standard","has-post-thumbnail","hentry","category-internacional"],"_links":{"self":[{"href":"https:\/\/noticierotamaulipeco.info\/index.php?rest_route=\/wp\/v2\/posts\/5694","targetHints":{"allow":["GET"]}}],"collection":[{"href":"https:\/\/noticierotamaulipeco.info\/index.php?rest_route=\/wp\/v2\/posts"}],"about":[{"href":"https:\/\/noticierotamaulipeco.info\/index.php?rest_route=\/wp\/v2\/types\/post"}],"author":[{"embeddable":true,"href":"https:\/\/noticierotamaulipeco.info\/index.php?rest_route=\/wp\/v2\/users\/1"}],"replies":[{"embeddable":true,"href":"https:\/\/noticierotamaulipeco.info\/index.php?rest_route=%2Fwp%2Fv2%2Fcomments&post=5694"}],"version-history":[{"count":1,"href":"https:\/\/noticierotamaulipeco.info\/index.php?rest_route=\/wp\/v2\/posts\/5694\/revisions"}],"predecessor-version":[{"id":5696,"href":"https:\/\/noticierotamaulipeco.info\/index.php?rest_route=\/wp\/v2\/posts\/5694\/revisions\/5696"}],"wp:featuredmedia":[{"embeddable":true,"href":"https:\/\/noticierotamaulipeco.info\/index.php?rest_route=\/wp\/v2\/media\/5695"}],"wp:attachment":[{"href":"https:\/\/noticierotamaulipeco.info\/index.php?rest_route=%2Fwp%2Fv2%2Fmedia&parent=5694"}],"wp:term":[{"taxonomy":"category","embeddable":true,"href":"https:\/\/noticierotamaulipeco.info\/index.php?rest_route=%2Fwp%2Fv2%2Fcategories&post=5694"},{"taxonomy":"post_tag","embeddable":true,"href":"https:\/\/noticierotamaulipeco.info\/index.php?rest_route=%2Fwp%2Fv2%2Ftags&post=5694"}],"curies":[{"name":"wp","href":"https:\/\/api.w.org\/{rel}","templated":true}]}}