{"id":5697,"date":"2025-05-07T19:38:04","date_gmt":"2025-05-07T19:38:04","guid":{"rendered":"https:\/\/noticierotamaulipeco.info\/?p=5697"},"modified":"2025-06-11T19:41:23","modified_gmt":"2025-06-11T19:41:23","slug":"mattel-preve-subir-sus-precios-por-los-aranceles-de-ee-uu-y-tras-alusion-de-trump-a-munecas","status":"publish","type":"post","link":"https:\/\/noticierotamaulipeco.info\/?p=5697","title":{"rendered":"Mattel prev\u00e9 subir sus precios por los aranceles de EE.UU. y tras alusi\u00f3n de Trump a mu\u00f1ecas"},"content":{"rendered":"\n<p>La juguetera\u00a0<strong>Mattel<\/strong>\u00a0prev\u00e9 subir los precios de sus productos en Estados Unidos debido a la\u00a0<strong>pol\u00edtica de aranceles<\/strong>\u00a0del Gobierno de Donald Trump y tambi\u00e9n diversificar\u00e1 su cadena de suministro para depender menos de China, seg\u00fan dijo este martes su principal<strong>\u00a0ejecutivo,\u00a0Ynon Kreiz<\/strong><a href=\"https:\/\/www.instagram.com\/mattelcareers\/\" target=\"_blank\" rel=\"noreferrer noopener\">,<\/a>\u00a0a CNBC.<\/p>\n\n\n\n<p>Esas dos iniciativas para&nbsp;<strong>\u201cmitigar\u201d el efecto de los aranceles<\/strong>&nbsp;se conocen precisamente d\u00edas despu\u00e9s de que Trump quitara hierro a una&nbsp;<strong>posible recesi\u00f3n en el pa\u00eds<\/strong>&nbsp;diciendo \u201cquiz\u00e1s los ni\u00f1os tendr\u00e1n dos mu\u00f1ecas en lugar de treinta, y quiz\u00e1s las dos mu\u00f1ecas costar\u00e1n un par de d\u00f3lares m\u00e1s de lo normal\u201d.<\/p>\n\n\n\n<p>Mattel, que fabrica la mu\u00f1eca\u00a0<strong>Barbie,<\/strong>\u00a0divulg\u00f3 este lunes que\u00a0<strong>sus p\u00e9rdidas casi se triplicaron en el primer trimestre<\/strong>, hasta los 40 millones de d\u00f3lares, y retir\u00f3 sus pron\u00f3sticos para este a\u00f1o citando el \u201centorno macroecon\u00f3mico vol\u00e1til y la cambiante situaci\u00f3n arancelaria en EE.UU.\u201d.<\/p>\n\n\n\n<p>En un comunicado, la firma dijo que los aranceles de EE.UU. no afectaron a sus cifras en este periodo, pero ya est\u00e1 tomando medidas para compensar su impacto, incluyendo<strong>&nbsp;subir el precio los productos en EE.UU.,<\/strong>&nbsp;aunque espera que cerca de la mitad de sus productos valgan<strong>&nbsp;\u201c20 d\u00f3lares o menos\u201d<\/strong>&nbsp;en las tiendas.<\/p>\n\n\n\n<p>Mattel tambi\u00e9n prev\u00e9 \u201coptimizar el suministro de productos\u201d con especial atenci\u00f3n a&nbsp;<strong>China,<\/strong>&nbsp;pa\u00eds al que EE.UU. impone unos aranceles del 145% en general, y en concreto&nbsp;<strong>la empresa planea reducir sus importaciones del gigante asi\u00e1tico al 15%<\/strong>&nbsp;en 2026, indica en una presentaci\u00f3n.<\/p>\n\n\n\n<p>En su entrevista con CNBC hoy, no obstante, el ejecutivo&nbsp;<strong>Kreiz descart\u00f3 que toda la producci\u00f3n de la empresa vaya a trasladarse a Estados Unidos,<\/strong>&nbsp;uno de los objetivos en los que Trump justifica su pol\u00edtica de aranceles.<\/p>\n\n\n\n<p>\u201cEl dise\u00f1o, el desarrollo, la ingenier\u00eda de producto y la gesti\u00f3n de la marca tiene lugar en Estados Unidos. Hacer el producto en otros pa\u00edses nos permite crear productos de calidad con precios de partida asequibles\u201d, agreg\u00f3 Kreiz.<\/p>\n","protected":false},"excerpt":{"rendered":"<p>La juguetera\u00a0Mattel\u00a0prev\u00e9 subir los precios de sus productos en Estados Unidos debido a la\u00a0pol\u00edtica de&#8230;<\/p>\n","protected":false},"author":1,"featured_media":5698,"comment_status":"open","ping_status":"open","sticky":false,"template":"","format":"standard","meta":{"footnotes":""},"categories":[5],"tags":[],"class_list":["post-5697","post","type-post","status-publish","format-standard","has-post-thumbnail","hentry","category-internacional"],"_links":{"self":[{"href":"https:\/\/noticierotamaulipeco.info\/index.php?rest_route=\/wp\/v2\/posts\/5697","targetHints":{"allow":["GET"]}}],"collection":[{"href":"https:\/\/noticierotamaulipeco.info\/index.php?rest_route=\/wp\/v2\/posts"}],"about":[{"href":"https:\/\/noticierotamaulipeco.info\/index.php?rest_route=\/wp\/v2\/types\/post"}],"author":[{"embeddable":true,"href":"https:\/\/noticierotamaulipeco.info\/index.php?rest_route=\/wp\/v2\/users\/1"}],"replies":[{"embeddable":true,"href":"https:\/\/noticierotamaulipeco.info\/index.php?rest_route=%2Fwp%2Fv2%2Fcomments&post=5697"}],"version-history":[{"count":1,"href":"https:\/\/noticierotamaulipeco.info\/index.php?rest_route=\/wp\/v2\/posts\/5697\/revisions"}],"predecessor-version":[{"id":5699,"href":"https:\/\/noticierotamaulipeco.info\/index.php?rest_route=\/wp\/v2\/posts\/5697\/revisions\/5699"}],"wp:featuredmedia":[{"embeddable":true,"href":"https:\/\/noticierotamaulipeco.info\/index.php?rest_route=\/wp\/v2\/media\/5698"}],"wp:attachment":[{"href":"https:\/\/noticierotamaulipeco.info\/index.php?rest_route=%2Fwp%2Fv2%2Fmedia&parent=5697"}],"wp:term":[{"taxonomy":"category","embeddable":true,"href":"https:\/\/noticierotamaulipeco.info\/index.php?rest_route=%2Fwp%2Fv2%2Fcategories&post=5697"},{"taxonomy":"post_tag","embeddable":true,"href":"https:\/\/noticierotamaulipeco.info\/index.php?rest_route=%2Fwp%2Fv2%2Ftags&post=5697"}],"curies":[{"name":"wp","href":"https:\/\/api.w.org\/{rel}","templated":true}]}}