{"id":5700,"date":"2025-05-13T19:41:24","date_gmt":"2025-05-13T19:41:24","guid":{"rendered":"https:\/\/noticierotamaulipeco.info\/?p=5700"},"modified":"2025-06-11T19:45:55","modified_gmt":"2025-06-11T19:45:55","slug":"boluarte-nombra-a-su-octavo-ministro-del-interior-y-cuarto-de-economia-en-dos-anos-y-medio","status":"publish","type":"post","link":"https:\/\/noticierotamaulipeco.info\/?p=5700","title":{"rendered":"Boluarte nombra a su octavo ministro del Interior y cuarto de Econom\u00eda en dos a\u00f1os y medio"},"content":{"rendered":"\n<p>La presidenta peruana,<strong>&nbsp;Dina Boluarte,<\/strong>&nbsp;nombr\u00f3 este martes inesperadamente a su&nbsp;<strong>cuarto ministro de Econom\u00eda y al octavo ministro del Interior<\/strong>&nbsp;desde que lleg\u00f3 a la jefatura de Estado en diciembre de 2022, un d\u00eda antes de que su primer ministro,&nbsp;<strong>Gustavo Adrianz\u00e9n<\/strong>, afronte una moci\u00f3n de censura en el Congreso.<\/p>\n\n\n\n<p>Boluarte design\u00f3 como ministro de Econom\u00eda y Finanzas a&nbsp;<strong>Ra\u00fal P\u00e9rez Reyes<\/strong>, hasta hoy titular de Transportes, despu\u00e9s de que<strong>&nbsp;Jos\u00e9 Salardi<\/strong>&nbsp;presentara su renuncia luego de tres meses en el cargo.<\/p>\n\n\n\n<p>El nuevo ministro del Interior, en plena ola de inseguridad, es el general en retiro de la&nbsp;<strong>Polic\u00eda Nacional Carlos Alberto Malaver Odias<\/strong>. Reemplaza a&nbsp;<strong>Julio D\u00edaz Zulueta<\/strong>, que estuvo menos de dos meses como cabeza de esta cartera.<\/p>\n\n\n\n<p>Malaver fue director de la<strong>&nbsp;Direcci\u00f3n de Inteligencia<\/strong>&nbsp;y en la actualidad era jefe de la&nbsp;<strong>Direcci\u00f3n&nbsp;<\/strong>Contra Delitos de Crimen Organizado.<\/p>\n\n\n\n<p>El nuevo ministro tendr\u00e1 que hacer frente al<strong>&nbsp;aumento del crimen organizado y delincuencia<\/strong>&nbsp;que atraviesa el pa\u00eds y que hace dos semanas mostr\u00f3 su faceta m\u00e1s sangrienta cuando aparecieron asesinados en un socav\u00f3n 13 trabajadores de una mina.<\/p>\n\n\n\n<p>Como reemplazo de P\u00e9rez Reyes en el&nbsp;<strong>Ministerio de Transporte y Comunicaciones,<\/strong>&nbsp;Boluarte nombr\u00f3 al abogado<strong>&nbsp;C\u00e9sar Sandoval Pozo,<\/strong>&nbsp;afiliado al partido derechista Alianza para el Progreso&nbsp;<strong>(APP)<\/strong>&nbsp;y asesor del&nbsp;<strong>Despacho Presidencial.<\/strong><\/p>\n\n\n\n<p>Poco antes de estos anuncios, los principales gremios empresariales del pa\u00eds emitieron un comunicado en el que expresaron su apoyo al trabajo del ahora exministro de Econom\u00eda, puesto que Salardi \u201cestaba orientado en<strong>&nbsp;destrabar barreras burocr\u00e1ticas, reducir el d\u00e9ficit fiscal y promover el despegue de las obras<\/strong>&nbsp;de infraestructura que necesita el pa\u00eds\u201d.<\/p>\n\n\n\n<p>Este inesperado cambio ministerial ocurre un d\u00eda antes de que el Congreso debata y vote cuatro mociones de censura que reclaman la destituci\u00f3n del primer ministro,&nbsp;<strong>Gustavo Adrianz\u00e9n,<\/strong>&nbsp;al que acusan de ser&nbsp;<strong>\u201cincapaz\u201d<\/strong>&nbsp;de frenar la ola de inseguridad criminal en el pa\u00eds.<\/p>\n\n\n\n<p>Si el Parlamento decide censurarle, caer\u00eda todo el Gobierno y la mandataria tendr\u00e1 que nombrar a su cuarto primer ministro de su gesti\u00f3n.<\/p>\n\n\n\n<p><\/p>\n","protected":false},"excerpt":{"rendered":"<p>La presidenta peruana,&nbsp;Dina Boluarte,&nbsp;nombr\u00f3 este martes inesperadamente a su&nbsp;cuarto ministro de Econom\u00eda y al octavo&#8230;<\/p>\n","protected":false},"author":1,"featured_media":5701,"comment_status":"open","ping_status":"open","sticky":false,"template":"","format":"standard","meta":{"footnotes":""},"categories":[5],"tags":[],"class_list":["post-5700","post","type-post","status-publish","format-standard","has-post-thumbnail","hentry","category-internacional"],"_links":{"self":[{"href":"https:\/\/noticierotamaulipeco.info\/index.php?rest_route=\/wp\/v2\/posts\/5700","targetHints":{"allow":["GET"]}}],"collection":[{"href":"https:\/\/noticierotamaulipeco.info\/index.php?rest_route=\/wp\/v2\/posts"}],"about":[{"href":"https:\/\/noticierotamaulipeco.info\/index.php?rest_route=\/wp\/v2\/types\/post"}],"author":[{"embeddable":true,"href":"https:\/\/noticierotamaulipeco.info\/index.php?rest_route=\/wp\/v2\/users\/1"}],"replies":[{"embeddable":true,"href":"https:\/\/noticierotamaulipeco.info\/index.php?rest_route=%2Fwp%2Fv2%2Fcomments&post=5700"}],"version-history":[{"count":1,"href":"https:\/\/noticierotamaulipeco.info\/index.php?rest_route=\/wp\/v2\/posts\/5700\/revisions"}],"predecessor-version":[{"id":5702,"href":"https:\/\/noticierotamaulipeco.info\/index.php?rest_route=\/wp\/v2\/posts\/5700\/revisions\/5702"}],"wp:featuredmedia":[{"embeddable":true,"href":"https:\/\/noticierotamaulipeco.info\/index.php?rest_route=\/wp\/v2\/media\/5701"}],"wp:attachment":[{"href":"https:\/\/noticierotamaulipeco.info\/index.php?rest_route=%2Fwp%2Fv2%2Fmedia&parent=5700"}],"wp:term":[{"taxonomy":"category","embeddable":true,"href":"https:\/\/noticierotamaulipeco.info\/index.php?rest_route=%2Fwp%2Fv2%2Fcategories&post=5700"},{"taxonomy":"post_tag","embeddable":true,"href":"https:\/\/noticierotamaulipeco.info\/index.php?rest_route=%2Fwp%2Fv2%2Ftags&post=5700"}],"curies":[{"name":"wp","href":"https:\/\/api.w.org\/{rel}","templated":true}]}}